{"id":69,"date":"2022-03-29T13:49:39","date_gmt":"2022-03-29T11:49:39","guid":{"rendered":"http:\/\/spostrowki.gminawohyn.pl\/?p=69"},"modified":"2022-03-29T13:49:41","modified_gmt":"2022-03-29T11:49:41","slug":"szkola-do-hymnu","status":"publish","type":"post","link":"https:\/\/spostrowki.gminawohyn.pl\/?p=69","title":{"rendered":"Szko\u0142a do hymnu"},"content":{"rendered":"\n<p>&nbsp;&nbsp;&nbsp;&nbsp;&nbsp;&nbsp;&nbsp;&nbsp;&nbsp;&nbsp;&nbsp;&nbsp;&nbsp;&nbsp;&nbsp; 10 listopada 2021 roku o godzinie <strong>11:11<\/strong> uczniowie i nauczyciele w ramach akcji<\/p>\n\n\n\n<p><strong>\u201eSzko\u0142a do hymnu\u201d<\/strong> uroczy\u015bcie od\u015bpiewali hymn pa\u0144stwowy.<\/p>\n\n\n\n<p>\u201eMazurek D\u0105browskiego\u201d by\u0142 wst\u0119pem do uroczystej akademii w kt\u00f3rej uczcili\u015bmy<\/p>\n\n\n\n<p><strong>103 rocznic\u0119 odzyskania przez Polsk\u0119 niepodleg\u0142o\u015bci. <\/strong>Uczniowie kl. VIII przy wsparciu m\u0142odszych koleg\u00f3w przypomnieli histori\u0119 utraty niepodleg\u0142o\u015bci przez Nasz\u0105 Ojczyzn\u0119 oraz trudn\u0105, pe\u0142n\u0105 po\u015bwi\u0119ce\u0144 acz chwalebn\u0105 drog\u0119 prowadz\u0105c\u0105 do jej odzyskania. Przedstawienie u\u015bwietni\u0142 \u015bpiew patriotycznych pie\u015bni w kt\u00f3ry w\u0142\u0105cza\u0142a si\u0119 publiczno\u015b\u0107.<\/p>\n\n\n\n<p>Krzysztof Barszczewski<\/p>\n\n\n\n<figure class=\"wp-block-gallery has-nested-images columns-default is-cropped wp-block-gallery-1 is-layout-flex wp-block-gallery-is-layout-flex\">\n<figure class=\"wp-block-image size-large\"><a href=\"http:\/\/spostrowki.gminawohyn.pl\/wp-content\/uploads\/2022\/03\/DN1.jpg\"><img fetchpriority=\"high\" decoding=\"async\" width=\"800\" height=\"600\" data-id=\"70\" src=\"http:\/\/spostrowki.gminawohyn.pl\/wp-content\/uploads\/2022\/03\/DN1.jpg\" alt=\"\" class=\"wp-image-70\" srcset=\"https:\/\/spostrowki.gminawohyn.pl\/wp-content\/uploads\/2022\/03\/DN1.jpg 800w, https:\/\/spostrowki.gminawohyn.pl\/wp-content\/uploads\/2022\/03\/DN1-300x225.jpg 300w, https:\/\/spostrowki.gminawohyn.pl\/wp-content\/uploads\/2022\/03\/DN1-768x576.jpg 768w\" sizes=\"(max-width: 800px) 100vw, 800px\" \/><\/a><figcaption>binary comment<\/figcaption><\/figure>\n\n\n\n<figure class=\"wp-block-image size-large\"><a href=\"http:\/\/spostrowki.gminawohyn.pl\/wp-content\/uploads\/2022\/03\/DN2.jpg\"><img decoding=\"async\" width=\"800\" height=\"600\" data-id=\"73\" src=\"http:\/\/spostrowki.gminawohyn.pl\/wp-content\/uploads\/2022\/03\/DN2.jpg\" alt=\"\" class=\"wp-image-73\" srcset=\"https:\/\/spostrowki.gminawohyn.pl\/wp-content\/uploads\/2022\/03\/DN2.jpg 800w, https:\/\/spostrowki.gminawohyn.pl\/wp-content\/uploads\/2022\/03\/DN2-300x225.jpg 300w, https:\/\/spostrowki.gminawohyn.pl\/wp-content\/uploads\/2022\/03\/DN2-768x576.jpg 768w\" sizes=\"(max-width: 800px) 100vw, 800px\" \/><\/a><figcaption>binary comment<\/figcaption><\/figure>\n\n\n\n<figure class=\"wp-block-image size-large\"><a href=\"http:\/\/spostrowki.gminawohyn.pl\/wp-content\/uploads\/2022\/03\/DN3.jpg\"><img decoding=\"async\" width=\"800\" height=\"600\" data-id=\"72\" src=\"http:\/\/spostrowki.gminawohyn.pl\/wp-content\/uploads\/2022\/03\/DN3.jpg\" alt=\"\" class=\"wp-image-72\" srcset=\"https:\/\/spostrowki.gminawohyn.pl\/wp-content\/uploads\/2022\/03\/DN3.jpg 800w, https:\/\/spostrowki.gminawohyn.pl\/wp-content\/uploads\/2022\/03\/DN3-300x225.jpg 300w, https:\/\/spostrowki.gminawohyn.pl\/wp-content\/uploads\/2022\/03\/DN3-768x576.jpg 768w\" sizes=\"(max-width: 800px) 100vw, 800px\" \/><\/a><figcaption>binary comment<\/figcaption><\/figure>\n\n\n\n<figure class=\"wp-block-image size-large\"><a href=\"http:\/\/spostrowki.gminawohyn.pl\/wp-content\/uploads\/2022\/03\/DN4.jpg\"><img loading=\"lazy\" decoding=\"async\" width=\"800\" height=\"600\" data-id=\"74\" src=\"http:\/\/spostrowki.gminawohyn.pl\/wp-content\/uploads\/2022\/03\/DN4.jpg\" alt=\"\" class=\"wp-image-74\" srcset=\"https:\/\/spostrowki.gminawohyn.pl\/wp-content\/uploads\/2022\/03\/DN4.jpg 800w, https:\/\/spostrowki.gminawohyn.pl\/wp-content\/uploads\/2022\/03\/DN4-300x225.jpg 300w, https:\/\/spostrowki.gminawohyn.pl\/wp-content\/uploads\/2022\/03\/DN4-768x576.jpg 768w\" sizes=\"(max-width: 800px) 100vw, 800px\" \/><\/a><figcaption>binary comment<\/figcaption><\/figure>\n\n\n\n<figure class=\"wp-block-image size-large\"><a href=\"http:\/\/spostrowki.gminawohyn.pl\/wp-content\/uploads\/2022\/03\/DN5.jpg\"><img loading=\"lazy\" decoding=\"async\" width=\"800\" height=\"600\" data-id=\"71\" src=\"http:\/\/spostrowki.gminawohyn.pl\/wp-content\/uploads\/2022\/03\/DN5.jpg\" alt=\"\" class=\"wp-image-71\" srcset=\"https:\/\/spostrowki.gminawohyn.pl\/wp-content\/uploads\/2022\/03\/DN5.jpg 800w, https:\/\/spostrowki.gminawohyn.pl\/wp-content\/uploads\/2022\/03\/DN5-300x225.jpg 300w, https:\/\/spostrowki.gminawohyn.pl\/wp-content\/uploads\/2022\/03\/DN5-768x576.jpg 768w\" sizes=\"(max-width: 800px) 100vw, 800px\" \/><\/a><figcaption>binary comment<\/figcaption><\/figure>\n\n\n\n<figure class=\"wp-block-image size-large\"><a href=\"http:\/\/spostrowki.gminawohyn.pl\/wp-content\/uploads\/2022\/03\/DN6.jpg\"><img loading=\"lazy\" decoding=\"async\" width=\"800\" height=\"600\" data-id=\"75\" src=\"http:\/\/spostrowki.gminawohyn.pl\/wp-content\/uploads\/2022\/03\/DN6.jpg\" alt=\"\" class=\"wp-image-75\" srcset=\"https:\/\/spostrowki.gminawohyn.pl\/wp-content\/uploads\/2022\/03\/DN6.jpg 800w, https:\/\/spostrowki.gminawohyn.pl\/wp-content\/uploads\/2022\/03\/DN6-300x225.jpg 300w, https:\/\/spostrowki.gminawohyn.pl\/wp-content\/uploads\/2022\/03\/DN6-768x576.jpg 768w\" sizes=\"(max-width: 800px) 100vw, 800px\" \/><\/a><figcaption>binary comment<\/figcaption><\/figure>\n<\/figure>\n","protected":false},"excerpt":{"rendered":"<p>&nbsp;&nbsp;&nbsp;&nbsp;&nbsp;&nbsp;&nbsp;&nbsp;&nbsp;&nbsp;&nbsp;&nbsp;&nbsp;&nbsp;&nbsp; 10 listopada 2021 roku o godzinie 11:11 uczniowie i nauczyciele w ramach akcji \u201eSzko\u0142a do hymnu\u201d uroczy\u015bcie od\u015bpiewali hymn pa\u0144stwowy. \u201eMazurek D\u0105browskiego\u201d by\u0142 wst\u0119pem do uroczystej akademii w kt\u00f3rej uczcili\u015bmy 103 rocznic\u0119 odzyskania przez Polsk\u0119 niepodleg\u0142o\u015bci. Uczniowie kl. VIII przy wsparciu m\u0142odszych koleg\u00f3w przypomnieli histori\u0119 utraty niepodleg\u0142o\u015bci przez Nasz\u0105 Ojczyzn\u0119 oraz trudn\u0105, pe\u0142n\u0105 po\u015bwi\u0119ce\u0144 [&hellip;]<\/p>\n","protected":false},"author":1,"featured_media":73,"comment_status":"closed","ping_status":"closed","sticky":false,"template":"","format":"standard","meta":{"footnotes":""},"categories":[1],"tags":[],"class_list":["post-69","post","type-post","status-publish","format-standard","has-post-thumbnail","hentry","category-bez-kategorii"],"yoast_head":"<!-- This site is optimized with the Yoast SEO plugin v22.3 - https:\/\/yoast.com\/wordpress\/plugins\/seo\/ -->\n<title>Szko\u0142a do hymnu - Szko\u0142a Podstawowa w Ostr\u00f3wkach<\/title>\n<meta name=\"robots\" content=\"index, follow, max-snippet:-1, max-image-preview:large, max-video-preview:-1\" \/>\n<link rel=\"canonical\" href=\"https:\/\/spostrowki.gminawohyn.pl\/?p=69\" \/>\n<meta property=\"og:locale\" content=\"pl_PL\" \/>\n<meta property=\"og:type\" content=\"article\" \/>\n<meta property=\"og:title\" content=\"Szko\u0142a do hymnu - Szko\u0142a Podstawowa w Ostr\u00f3wkach\" \/>\n<meta property=\"og:description\" content=\"&nbsp;&nbsp;&nbsp;&nbsp;&nbsp;&nbsp;&nbsp;&nbsp;&nbsp;&nbsp;&nbsp;&nbsp;&nbsp;&nbsp;&nbsp; 10 listopada 2021 roku o godzinie 11:11 uczniowie i nauczyciele w ramach akcji \u201eSzko\u0142a do hymnu\u201d uroczy\u015bcie od\u015bpiewali hymn pa\u0144stwowy. \u201eMazurek D\u0105browskiego\u201d by\u0142 wst\u0119pem do uroczystej akademii w kt\u00f3rej uczcili\u015bmy 103 rocznic\u0119 odzyskania przez Polsk\u0119 niepodleg\u0142o\u015bci. Uczniowie kl. VIII przy wsparciu m\u0142odszych koleg\u00f3w przypomnieli histori\u0119 utraty niepodleg\u0142o\u015bci przez Nasz\u0105 Ojczyzn\u0119 oraz trudn\u0105, pe\u0142n\u0105 po\u015bwi\u0119ce\u0144 [&hellip;]\" \/>\n<meta property=\"og:url\" content=\"https:\/\/spostrowki.gminawohyn.pl\/?p=69\" \/>\n<meta property=\"og:site_name\" content=\"Szko\u0142a Podstawowa w Ostr\u00f3wkach\" \/>\n<meta property=\"article:published_time\" content=\"2022-03-29T11:49:39+00:00\" \/>\n<meta property=\"article:modified_time\" content=\"2022-03-29T11:49:41+00:00\" \/>\n<meta property=\"og:image\" content=\"https:\/\/spostrowki.gminawohyn.pl\/wp-content\/uploads\/2022\/03\/DN2.jpg\" \/>\n\t<meta property=\"og:image:width\" content=\"800\" \/>\n\t<meta property=\"og:image:height\" content=\"600\" \/>\n\t<meta property=\"og:image:type\" content=\"image\/jpeg\" \/>\n<meta name=\"author\" content=\"admin\" \/>\n<meta name=\"twitter:card\" content=\"summary_large_image\" \/>\n<meta name=\"twitter:label1\" content=\"Napisane przez\" \/>\n\t<meta name=\"twitter:data1\" content=\"admin\" \/>\n\t<meta name=\"twitter:label2\" content=\"Szacowany czas czytania\" \/>\n\t<meta name=\"twitter:data2\" content=\"2 minuty\" \/>\n<script type=\"application\/ld+json\" class=\"yoast-schema-graph\">{\"@context\":\"https:\/\/schema.org\",\"@graph\":[{\"@type\":\"WebPage\",\"@id\":\"https:\/\/spostrowki.gminawohyn.pl\/?p=69\",\"url\":\"https:\/\/spostrowki.gminawohyn.pl\/?p=69\",\"name\":\"Szko\u0142a do hymnu - Szko\u0142a Podstawowa w Ostr\u00f3wkach\",\"isPartOf\":{\"@id\":\"https:\/\/spostrowki.gminawohyn.pl\/#website\"},\"primaryImageOfPage\":{\"@id\":\"https:\/\/spostrowki.gminawohyn.pl\/?p=69#primaryimage\"},\"image\":{\"@id\":\"https:\/\/spostrowki.gminawohyn.pl\/?p=69#primaryimage\"},\"thumbnailUrl\":\"https:\/\/spostrowki.gminawohyn.pl\/wp-content\/uploads\/2022\/03\/DN2.jpg\",\"datePublished\":\"2022-03-29T11:49:39+00:00\",\"dateModified\":\"2022-03-29T11:49:41+00:00\",\"author\":{\"@id\":\"https:\/\/spostrowki.gminawohyn.pl\/#\/schema\/person\/2743e4f7b606d84aba318a4cae0a4225\"},\"breadcrumb\":{\"@id\":\"https:\/\/spostrowki.gminawohyn.pl\/?p=69#breadcrumb\"},\"inLanguage\":\"pl-PL\",\"potentialAction\":[{\"@type\":\"ReadAction\",\"target\":[\"https:\/\/spostrowki.gminawohyn.pl\/?p=69\"]}]},{\"@type\":\"ImageObject\",\"inLanguage\":\"pl-PL\",\"@id\":\"https:\/\/spostrowki.gminawohyn.pl\/?p=69#primaryimage\",\"url\":\"https:\/\/spostrowki.gminawohyn.pl\/wp-content\/uploads\/2022\/03\/DN2.jpg\",\"contentUrl\":\"https:\/\/spostrowki.gminawohyn.pl\/wp-content\/uploads\/2022\/03\/DN2.jpg\",\"width\":800,\"height\":600,\"caption\":\"binary comment\"},{\"@type\":\"BreadcrumbList\",\"@id\":\"https:\/\/spostrowki.gminawohyn.pl\/?p=69#breadcrumb\",\"itemListElement\":[{\"@type\":\"ListItem\",\"position\":1,\"name\":\"Home\",\"item\":\"https:\/\/spostrowki.gminawohyn.pl\/\"},{\"@type\":\"ListItem\",\"position\":2,\"name\":\"Szko\u0142a do hymnu\"}]},{\"@type\":\"WebSite\",\"@id\":\"https:\/\/spostrowki.gminawohyn.pl\/#website\",\"url\":\"https:\/\/spostrowki.gminawohyn.pl\/\",\"name\":\"Szko\u0142a Podstawowa w Ostr\u00f3wkach\",\"description\":\"Szko\u0142a Podstawowa w Ostr\u00f3wkach\",\"potentialAction\":[{\"@type\":\"SearchAction\",\"target\":{\"@type\":\"EntryPoint\",\"urlTemplate\":\"https:\/\/spostrowki.gminawohyn.pl\/?s={search_term_string}\"},\"query-input\":\"required name=search_term_string\"}],\"inLanguage\":\"pl-PL\"},{\"@type\":\"Person\",\"@id\":\"https:\/\/spostrowki.gminawohyn.pl\/#\/schema\/person\/2743e4f7b606d84aba318a4cae0a4225\",\"name\":\"admin\",\"image\":{\"@type\":\"ImageObject\",\"inLanguage\":\"pl-PL\",\"@id\":\"https:\/\/spostrowki.gminawohyn.pl\/#\/schema\/person\/image\/\",\"url\":\"https:\/\/secure.gravatar.com\/avatar\/d788742c0b879462b67393bc7fd5fb18e5c93111a2993eb9218d0d66a77cc0c4?s=96&d=mm&r=g\",\"contentUrl\":\"https:\/\/secure.gravatar.com\/avatar\/d788742c0b879462b67393bc7fd5fb18e5c93111a2993eb9218d0d66a77cc0c4?s=96&d=mm&r=g\",\"caption\":\"admin\"},\"sameAs\":[\"http:\/\/spostrowki.gminawohyn.pl\"],\"url\":\"https:\/\/spostrowki.gminawohyn.pl\/?author=1\"}]}<\/script>\n<!-- \/ Yoast SEO plugin. -->","yoast_head_json":{"title":"Szko\u0142a do hymnu - Szko\u0142a Podstawowa w Ostr\u00f3wkach","robots":{"index":"index","follow":"follow","max-snippet":"max-snippet:-1","max-image-preview":"max-image-preview:large","max-video-preview":"max-video-preview:-1"},"canonical":"https:\/\/spostrowki.gminawohyn.pl\/?p=69","og_locale":"pl_PL","og_type":"article","og_title":"Szko\u0142a do hymnu - Szko\u0142a Podstawowa w Ostr\u00f3wkach","og_description":"&nbsp;&nbsp;&nbsp;&nbsp;&nbsp;&nbsp;&nbsp;&nbsp;&nbsp;&nbsp;&nbsp;&nbsp;&nbsp;&nbsp;&nbsp; 10 listopada 2021 roku o godzinie 11:11 uczniowie i nauczyciele w ramach akcji \u201eSzko\u0142a do hymnu\u201d uroczy\u015bcie od\u015bpiewali hymn pa\u0144stwowy. \u201eMazurek D\u0105browskiego\u201d by\u0142 wst\u0119pem do uroczystej akademii w kt\u00f3rej uczcili\u015bmy 103 rocznic\u0119 odzyskania przez Polsk\u0119 niepodleg\u0142o\u015bci. Uczniowie kl. VIII przy wsparciu m\u0142odszych koleg\u00f3w przypomnieli histori\u0119 utraty niepodleg\u0142o\u015bci przez Nasz\u0105 Ojczyzn\u0119 oraz trudn\u0105, pe\u0142n\u0105 po\u015bwi\u0119ce\u0144 [&hellip;]","og_url":"https:\/\/spostrowki.gminawohyn.pl\/?p=69","og_site_name":"Szko\u0142a Podstawowa w Ostr\u00f3wkach","article_published_time":"2022-03-29T11:49:39+00:00","article_modified_time":"2022-03-29T11:49:41+00:00","og_image":[{"width":800,"height":600,"url":"https:\/\/spostrowki.gminawohyn.pl\/wp-content\/uploads\/2022\/03\/DN2.jpg","type":"image\/jpeg"}],"author":"admin","twitter_card":"summary_large_image","twitter_misc":{"Napisane przez":"admin","Szacowany czas czytania":"2 minuty"},"schema":{"@context":"https:\/\/schema.org","@graph":[{"@type":"WebPage","@id":"https:\/\/spostrowki.gminawohyn.pl\/?p=69","url":"https:\/\/spostrowki.gminawohyn.pl\/?p=69","name":"Szko\u0142a do hymnu - Szko\u0142a Podstawowa w Ostr\u00f3wkach","isPartOf":{"@id":"https:\/\/spostrowki.gminawohyn.pl\/#website"},"primaryImageOfPage":{"@id":"https:\/\/spostrowki.gminawohyn.pl\/?p=69#primaryimage"},"image":{"@id":"https:\/\/spostrowki.gminawohyn.pl\/?p=69#primaryimage"},"thumbnailUrl":"https:\/\/spostrowki.gminawohyn.pl\/wp-content\/uploads\/2022\/03\/DN2.jpg","datePublished":"2022-03-29T11:49:39+00:00","dateModified":"2022-03-29T11:49:41+00:00","author":{"@id":"https:\/\/spostrowki.gminawohyn.pl\/#\/schema\/person\/2743e4f7b606d84aba318a4cae0a4225"},"breadcrumb":{"@id":"https:\/\/spostrowki.gminawohyn.pl\/?p=69#breadcrumb"},"inLanguage":"pl-PL","potentialAction":[{"@type":"ReadAction","target":["https:\/\/spostrowki.gminawohyn.pl\/?p=69"]}]},{"@type":"ImageObject","inLanguage":"pl-PL","@id":"https:\/\/spostrowki.gminawohyn.pl\/?p=69#primaryimage","url":"https:\/\/spostrowki.gminawohyn.pl\/wp-content\/uploads\/2022\/03\/DN2.jpg","contentUrl":"https:\/\/spostrowki.gminawohyn.pl\/wp-content\/uploads\/2022\/03\/DN2.jpg","width":800,"height":600,"caption":"binary comment"},{"@type":"BreadcrumbList","@id":"https:\/\/spostrowki.gminawohyn.pl\/?p=69#breadcrumb","itemListElement":[{"@type":"ListItem","position":1,"name":"Home","item":"https:\/\/spostrowki.gminawohyn.pl\/"},{"@type":"ListItem","position":2,"name":"Szko\u0142a do hymnu"}]},{"@type":"WebSite","@id":"https:\/\/spostrowki.gminawohyn.pl\/#website","url":"https:\/\/spostrowki.gminawohyn.pl\/","name":"Szko\u0142a Podstawowa w Ostr\u00f3wkach","description":"Szko\u0142a Podstawowa w Ostr\u00f3wkach","potentialAction":[{"@type":"SearchAction","target":{"@type":"EntryPoint","urlTemplate":"https:\/\/spostrowki.gminawohyn.pl\/?s={search_term_string}"},"query-input":"required name=search_term_string"}],"inLanguage":"pl-PL"},{"@type":"Person","@id":"https:\/\/spostrowki.gminawohyn.pl\/#\/schema\/person\/2743e4f7b606d84aba318a4cae0a4225","name":"admin","image":{"@type":"ImageObject","inLanguage":"pl-PL","@id":"https:\/\/spostrowki.gminawohyn.pl\/#\/schema\/person\/image\/","url":"https:\/\/secure.gravatar.com\/avatar\/d788742c0b879462b67393bc7fd5fb18e5c93111a2993eb9218d0d66a77cc0c4?s=96&d=mm&r=g","contentUrl":"https:\/\/secure.gravatar.com\/avatar\/d788742c0b879462b67393bc7fd5fb18e5c93111a2993eb9218d0d66a77cc0c4?s=96&d=mm&r=g","caption":"admin"},"sameAs":["http:\/\/spostrowki.gminawohyn.pl"],"url":"https:\/\/spostrowki.gminawohyn.pl\/?author=1"}]}},"_links":{"self":[{"href":"https:\/\/spostrowki.gminawohyn.pl\/index.php?rest_route=\/wp\/v2\/posts\/69","targetHints":{"allow":["GET"]}}],"collection":[{"href":"https:\/\/spostrowki.gminawohyn.pl\/index.php?rest_route=\/wp\/v2\/posts"}],"about":[{"href":"https:\/\/spostrowki.gminawohyn.pl\/index.php?rest_route=\/wp\/v2\/types\/post"}],"author":[{"embeddable":true,"href":"https:\/\/spostrowki.gminawohyn.pl\/index.php?rest_route=\/wp\/v2\/users\/1"}],"replies":[{"embeddable":true,"href":"https:\/\/spostrowki.gminawohyn.pl\/index.php?rest_route=%2Fwp%2Fv2%2Fcomments&post=69"}],"version-history":[{"count":1,"href":"https:\/\/spostrowki.gminawohyn.pl\/index.php?rest_route=\/wp\/v2\/posts\/69\/revisions"}],"predecessor-version":[{"id":76,"href":"https:\/\/spostrowki.gminawohyn.pl\/index.php?rest_route=\/wp\/v2\/posts\/69\/revisions\/76"}],"wp:featuredmedia":[{"embeddable":true,"href":"https:\/\/spostrowki.gminawohyn.pl\/index.php?rest_route=\/wp\/v2\/media\/73"}],"wp:attachment":[{"href":"https:\/\/spostrowki.gminawohyn.pl\/index.php?rest_route=%2Fwp%2Fv2%2Fmedia&parent=69"}],"wp:term":[{"taxonomy":"category","embeddable":true,"href":"https:\/\/spostrowki.gminawohyn.pl\/index.php?rest_route=%2Fwp%2Fv2%2Fcategories&post=69"},{"taxonomy":"post_tag","embeddable":true,"href":"https:\/\/spostrowki.gminawohyn.pl\/index.php?rest_route=%2Fwp%2Fv2%2Ftags&post=69"}],"curies":[{"name":"wp","href":"https:\/\/api.w.org\/{rel}","templated":true}]}}