{"id":3267,"date":"2025-02-17T19:29:12","date_gmt":"2025-02-17T18:29:12","guid":{"rendered":"https:\/\/spostrowki.gminawohyn.pl\/?p=3267"},"modified":"2025-02-17T19:33:59","modified_gmt":"2025-02-17T18:33:59","slug":"miedzynarodowy-dzien-jezyka-ojczystego","status":"publish","type":"post","link":"https:\/\/spostrowki.gminawohyn.pl\/?p=3267","title":{"rendered":"Mi\u0119dzynarodowy Dzie\u0144 J\u0119zyka Ojczystego"},"content":{"rendered":"\t\t<div data-elementor-type=\"wp-post\" data-elementor-id=\"3267\" class=\"elementor elementor-3267\">\n\t\t\t\t\t\t<section class=\"elementor-section elementor-top-section elementor-element elementor-element-c423308 elementor-section-boxed elementor-section-height-default elementor-section-height-default\" data-id=\"c423308\" data-element_type=\"section\">\n\t\t\t\t\t\t<div class=\"elementor-container elementor-column-gap-default\">\n\t\t\t\t\t<div class=\"elementor-column elementor-col-100 elementor-top-column elementor-element elementor-element-a906869\" data-id=\"a906869\" data-element_type=\"column\">\n\t\t\t<div class=\"elementor-widget-wrap elementor-element-populated\">\n\t\t\t\t\t\t<div class=\"elementor-element elementor-element-f0c4b74 elementor-widget elementor-widget-text-editor\" data-id=\"f0c4b74\" data-element_type=\"widget\" data-widget_type=\"text-editor.default\">\n\t\t\t\t<div class=\"elementor-widget-container\">\n\t\t\t<style>\/*! elementor - v3.20.0 - 26-03-2024 *\/\n.elementor-widget-text-editor.elementor-drop-cap-view-stacked .elementor-drop-cap{background-color:#69727d;color:#fff}.elementor-widget-text-editor.elementor-drop-cap-view-framed .elementor-drop-cap{color:#69727d;border:3px solid;background-color:transparent}.elementor-widget-text-editor:not(.elementor-drop-cap-view-default) .elementor-drop-cap{margin-top:8px}.elementor-widget-text-editor:not(.elementor-drop-cap-view-default) .elementor-drop-cap-letter{width:1em;height:1em}.elementor-widget-text-editor .elementor-drop-cap{float:left;text-align:center;line-height:1;font-size:50px}.elementor-widget-text-editor .elementor-drop-cap-letter{display:inline-block}<\/style>\t\t\t\t<p align=\"JUSTIFY\"><span style=\"color: #000080;\"><strong>W poniedzia\u0142ek 10 lutego obchodzili\u015bmy w naszej szkole Mi\u0119dzynarodowy Dzie\u0144 J\u0119zyka Ojczystego. Na pocz\u0105tku uczniowie obejrzeli prezentacj\u0119 dotycz\u0105c\u0105 historii j\u0119zyka polskiego. Nast\u0119pnie udali si\u0119 w filmow\u0105 podr\u00f3\u017c wraz z detektywem na poszukiwanie znak\u00f3w diakrytycznych. Potem nast\u0105pi\u0142a chwila, w kt\u00f3rej uczniowie starszych klas odpytywali uczni\u00f3w m\u0142odszych. Dalsza cz\u0119\u015b\u0107 spotkania up\u0142yn\u0119\u0142a na rozwi\u0105zywaniu r\u00f3\u017cnorakich zada\u0144 stylistycznych, gramatycznych i frazeologicznych. Na zako\u0144czenie wszyscy otrzymali pami\u0105tkowe zak\u0142adki.<\/strong><\/span><\/p>\t\t\t\t\t\t<\/div>\n\t\t\t\t<\/div>\n\t\t\t\t\t<\/div>\n\t\t<\/div>\n\t\t\t\t\t<\/div>\n\t\t<\/section>\n\t\t\t\t<section class=\"elementor-section elementor-top-section elementor-element elementor-element-37c1ba8 elementor-section-boxed elementor-section-height-default elementor-section-height-default\" data-id=\"37c1ba8\" data-element_type=\"section\">\n\t\t\t\t\t\t<div class=\"elementor-container elementor-column-gap-default\">\n\t\t\t\t\t<div class=\"elementor-column elementor-col-100 elementor-top-column elementor-element elementor-element-3028cbc\" data-id=\"3028cbc\" data-element_type=\"column\">\n\t\t\t<div class=\"elementor-widget-wrap elementor-element-populated\">\n\t\t\t\t\t\t<div class=\"elementor-element elementor-element-6372c40 elementor-widget elementor-widget-image-gallery\" data-id=\"6372c40\" data-element_type=\"widget\" data-widget_type=\"image-gallery.default\">\n\t\t\t\t<div class=\"elementor-widget-container\">\n\t\t\t<style>\/*! elementor - v3.20.0 - 26-03-2024 *\/\n.elementor-image-gallery .gallery-item{display:inline-block;text-align:center;vertical-align:top;width:100%;max-width:100%;margin:0 auto}.elementor-image-gallery .gallery-item img{margin:0 auto}.elementor-image-gallery .gallery-item .gallery-caption{margin:0}.elementor-image-gallery figure img{display:block}.elementor-image-gallery figure figcaption{width:100%}.gallery-spacing-custom .elementor-image-gallery .gallery-icon{padding:0}@media (min-width:768px){.elementor-image-gallery .gallery-columns-2 .gallery-item{max-width:50%}.elementor-image-gallery .gallery-columns-3 .gallery-item{max-width:33.33%}.elementor-image-gallery .gallery-columns-4 .gallery-item{max-width:25%}.elementor-image-gallery .gallery-columns-5 .gallery-item{max-width:20%}.elementor-image-gallery .gallery-columns-6 .gallery-item{max-width:16.666%}.elementor-image-gallery .gallery-columns-7 .gallery-item{max-width:14.28%}.elementor-image-gallery .gallery-columns-8 .gallery-item{max-width:12.5%}.elementor-image-gallery .gallery-columns-9 .gallery-item{max-width:11.11%}.elementor-image-gallery .gallery-columns-10 .gallery-item{max-width:10%}}@media (min-width:480px) and (max-width:767px){.elementor-image-gallery .gallery.gallery-columns-2 .gallery-item,.elementor-image-gallery .gallery.gallery-columns-3 .gallery-item,.elementor-image-gallery .gallery.gallery-columns-4 .gallery-item,.elementor-image-gallery .gallery.gallery-columns-5 .gallery-item,.elementor-image-gallery .gallery.gallery-columns-6 .gallery-item,.elementor-image-gallery .gallery.gallery-columns-7 .gallery-item,.elementor-image-gallery .gallery.gallery-columns-8 .gallery-item,.elementor-image-gallery .gallery.gallery-columns-9 .gallery-item,.elementor-image-gallery .gallery.gallery-columns-10 .gallery-item{max-width:50%}}@media (max-width:479px){.elementor-image-gallery .gallery.gallery-columns-2 .gallery-item,.elementor-image-gallery .gallery.gallery-columns-3 .gallery-item,.elementor-image-gallery .gallery.gallery-columns-4 .gallery-item,.elementor-image-gallery .gallery.gallery-columns-5 .gallery-item,.elementor-image-gallery .gallery.gallery-columns-6 .gallery-item,.elementor-image-gallery .gallery.gallery-columns-7 .gallery-item,.elementor-image-gallery .gallery.gallery-columns-8 .gallery-item,.elementor-image-gallery .gallery.gallery-columns-9 .gallery-item,.elementor-image-gallery .gallery.gallery-columns-10 .gallery-item{max-width:100%}}<\/style>\t\t<div class=\"elementor-image-gallery\">\n\t\t\t\n\t\t<style type=\"text\/css\">\n\t\t\t#gallery-1 {\n\t\t\t\tmargin: auto;\n\t\t\t}\n\t\t\t#gallery-1 .gallery-item {\n\t\t\t\tfloat: left;\n\t\t\t\tmargin-top: 10px;\n\t\t\t\ttext-align: center;\n\t\t\t\twidth: 25%;\n\t\t\t}\n\t\t\t#gallery-1 img {\n\t\t\t\tborder: 2px solid #cfcfcf;\n\t\t\t}\n\t\t\t#gallery-1 .gallery-caption {\n\t\t\t\tmargin-left: 0;\n\t\t\t}\n\t\t\t\/* see gallery_shortcode() in wp-includes\/media.php *\/\n\t\t<\/style>\n\t\t<div id='gallery-1' class='gallery galleryid-3267 gallery-columns-4 gallery-size-medium'><dl class='gallery-item'>\n\t\t\t<dt class='gallery-icon landscape'>\n\t\t\t\t<a data-elementor-open-lightbox=\"yes\" data-elementor-lightbox-slideshow=\"6372c40\" data-elementor-lightbox-title=\"Mi\u0119dzynarodowy Dzie\u0144 J\u0119zyka Ojczystego\" data-e-action-hash=\"#elementor-action%3Aaction%3Dlightbox%26settings%3DeyJpZCI6MzI2OSwidXJsIjoiaHR0cHM6XC9cL3Nwb3N0cm93a2kuZ21pbmF3b2h5bi5wbFwvd3AtY29udGVudFwvdXBsb2Fkc1wvMjAyNVwvMDJcL01pZWR6eW5hcm9kb3d5X2R6aWVuX2plenlqYV8yNV8wMS5qcGciLCJzbGlkZXNob3ciOiI2MzcyYzQwIn0%3D\" href='https:\/\/spostrowki.gminawohyn.pl\/wp-content\/uploads\/2025\/02\/Miedzynarodowy_dzien_jezyja_25_01.jpg'><img fetchpriority=\"high\" decoding=\"async\" width=\"300\" height=\"200\" src=\"https:\/\/spostrowki.gminawohyn.pl\/wp-content\/uploads\/2025\/02\/Miedzynarodowy_dzien_jezyja_25_01-300x200.jpg\" class=\"attachment-medium size-medium\" alt=\"\" aria-describedby=\"gallery-1-3269\" srcset=\"https:\/\/spostrowki.gminawohyn.pl\/wp-content\/uploads\/2025\/02\/Miedzynarodowy_dzien_jezyja_25_01-300x200.jpg 300w, https:\/\/spostrowki.gminawohyn.pl\/wp-content\/uploads\/2025\/02\/Miedzynarodowy_dzien_jezyja_25_01-768x512.jpg 768w, https:\/\/spostrowki.gminawohyn.pl\/wp-content\/uploads\/2025\/02\/Miedzynarodowy_dzien_jezyja_25_01.jpg 800w\" sizes=\"(max-width: 300px) 100vw, 300px\" \/><\/a>\n\t\t\t<\/dt>\n\t\t\t\t<dd class='wp-caption-text gallery-caption' id='gallery-1-3269'>\n\t\t\t\tMi\u0119dzynarodowy Dzie\u0144 J\u0119zyka Ojczystego 2025\n\t\t\t\t<\/dd><\/dl><dl class='gallery-item'>\n\t\t\t<dt class='gallery-icon landscape'>\n\t\t\t\t<a data-elementor-open-lightbox=\"yes\" data-elementor-lightbox-slideshow=\"6372c40\" data-elementor-lightbox-title=\"Mi\u0119dzynarodowy Dzie\u0144 J\u0119zyka Ojczystego 2025\" data-e-action-hash=\"#elementor-action%3Aaction%3Dlightbox%26settings%3DeyJpZCI6MzI3MCwidXJsIjoiaHR0cHM6XC9cL3Nwb3N0cm93a2kuZ21pbmF3b2h5bi5wbFwvd3AtY29udGVudFwvdXBsb2Fkc1wvMjAyNVwvMDJcL01pZWR6eW5hcm9kb3d5X2R6aWVuX2plenlqYV8yNV8wMi5qcGciLCJzbGlkZXNob3ciOiI2MzcyYzQwIn0%3D\" href='https:\/\/spostrowki.gminawohyn.pl\/wp-content\/uploads\/2025\/02\/Miedzynarodowy_dzien_jezyja_25_02.jpg'><img decoding=\"async\" width=\"300\" height=\"200\" src=\"https:\/\/spostrowki.gminawohyn.pl\/wp-content\/uploads\/2025\/02\/Miedzynarodowy_dzien_jezyja_25_02-300x200.jpg\" class=\"attachment-medium size-medium\" alt=\"\" aria-describedby=\"gallery-1-3270\" srcset=\"https:\/\/spostrowki.gminawohyn.pl\/wp-content\/uploads\/2025\/02\/Miedzynarodowy_dzien_jezyja_25_02-300x200.jpg 300w, https:\/\/spostrowki.gminawohyn.pl\/wp-content\/uploads\/2025\/02\/Miedzynarodowy_dzien_jezyja_25_02-768x512.jpg 768w, https:\/\/spostrowki.gminawohyn.pl\/wp-content\/uploads\/2025\/02\/Miedzynarodowy_dzien_jezyja_25_02.jpg 800w\" sizes=\"(max-width: 300px) 100vw, 300px\" \/><\/a>\n\t\t\t<\/dt>\n\t\t\t\t<dd class='wp-caption-text gallery-caption' id='gallery-1-3270'>\n\t\t\t\tMi\u0119dzynarodowy Dzie\u0144 J\u0119zyka Ojczystego 2025\n\t\t\t\t<\/dd><\/dl><dl class='gallery-item'>\n\t\t\t<dt class='gallery-icon landscape'>\n\t\t\t\t<a data-elementor-open-lightbox=\"yes\" data-elementor-lightbox-slideshow=\"6372c40\" data-elementor-lightbox-title=\"Mi\u0119dzynarodowy Dzie\u0144 J\u0119zyka Ojczystego 2025\" data-e-action-hash=\"#elementor-action%3Aaction%3Dlightbox%26settings%3DeyJpZCI6MzI3MSwidXJsIjoiaHR0cHM6XC9cL3Nwb3N0cm93a2kuZ21pbmF3b2h5bi5wbFwvd3AtY29udGVudFwvdXBsb2Fkc1wvMjAyNVwvMDJcL01pZWR6eW5hcm9kb3d5X2R6aWVuX2plenlqYV8yNV8wMy5qcGciLCJzbGlkZXNob3ciOiI2MzcyYzQwIn0%3D\" href='https:\/\/spostrowki.gminawohyn.pl\/wp-content\/uploads\/2025\/02\/Miedzynarodowy_dzien_jezyja_25_03.jpg'><img decoding=\"async\" width=\"300\" height=\"200\" src=\"https:\/\/spostrowki.gminawohyn.pl\/wp-content\/uploads\/2025\/02\/Miedzynarodowy_dzien_jezyja_25_03-300x200.jpg\" class=\"attachment-medium size-medium\" alt=\"\" aria-describedby=\"gallery-1-3271\" srcset=\"https:\/\/spostrowki.gminawohyn.pl\/wp-content\/uploads\/2025\/02\/Miedzynarodowy_dzien_jezyja_25_03-300x200.jpg 300w, https:\/\/spostrowki.gminawohyn.pl\/wp-content\/uploads\/2025\/02\/Miedzynarodowy_dzien_jezyja_25_03-768x512.jpg 768w, https:\/\/spostrowki.gminawohyn.pl\/wp-content\/uploads\/2025\/02\/Miedzynarodowy_dzien_jezyja_25_03.jpg 800w\" sizes=\"(max-width: 300px) 100vw, 300px\" \/><\/a>\n\t\t\t<\/dt>\n\t\t\t\t<dd class='wp-caption-text gallery-caption' id='gallery-1-3271'>\n\t\t\t\tMi\u0119dzynarodowy Dzie\u0144 J\u0119zyka Ojczystego 2025\n\t\t\t\t<\/dd><\/dl><dl class='gallery-item'>\n\t\t\t<dt class='gallery-icon landscape'>\n\t\t\t\t<a data-elementor-open-lightbox=\"yes\" data-elementor-lightbox-slideshow=\"6372c40\" data-elementor-lightbox-title=\"Mi\u0119dzynarodowy Dzie\u0144 J\u0119zyka Ojczystego 2025\" data-e-action-hash=\"#elementor-action%3Aaction%3Dlightbox%26settings%3DeyJpZCI6MzI3MiwidXJsIjoiaHR0cHM6XC9cL3Nwb3N0cm93a2kuZ21pbmF3b2h5bi5wbFwvd3AtY29udGVudFwvdXBsb2Fkc1wvMjAyNVwvMDJcL01pZWR6eW5hcm9kb3d5X2R6aWVuX2plenlqYV8yNV8wNC5qcGciLCJzbGlkZXNob3ciOiI2MzcyYzQwIn0%3D\" href='https:\/\/spostrowki.gminawohyn.pl\/wp-content\/uploads\/2025\/02\/Miedzynarodowy_dzien_jezyja_25_04.jpg'><img loading=\"lazy\" decoding=\"async\" width=\"300\" height=\"200\" src=\"https:\/\/spostrowki.gminawohyn.pl\/wp-content\/uploads\/2025\/02\/Miedzynarodowy_dzien_jezyja_25_04-300x200.jpg\" class=\"attachment-medium size-medium\" alt=\"\" aria-describedby=\"gallery-1-3272\" srcset=\"https:\/\/spostrowki.gminawohyn.pl\/wp-content\/uploads\/2025\/02\/Miedzynarodowy_dzien_jezyja_25_04-300x200.jpg 300w, https:\/\/spostrowki.gminawohyn.pl\/wp-content\/uploads\/2025\/02\/Miedzynarodowy_dzien_jezyja_25_04-768x512.jpg 768w, https:\/\/spostrowki.gminawohyn.pl\/wp-content\/uploads\/2025\/02\/Miedzynarodowy_dzien_jezyja_25_04.jpg 800w\" sizes=\"(max-width: 300px) 100vw, 300px\" \/><\/a>\n\t\t\t<\/dt>\n\t\t\t\t<dd class='wp-caption-text gallery-caption' id='gallery-1-3272'>\n\t\t\t\tMi\u0119dzynarodowy Dzie\u0144 J\u0119zyka Ojczystego 2025\n\t\t\t\t<\/dd><\/dl><br style=\"clear: both\" \/><dl class='gallery-item'>\n\t\t\t<dt class='gallery-icon landscape'>\n\t\t\t\t<a data-elementor-open-lightbox=\"yes\" data-elementor-lightbox-slideshow=\"6372c40\" data-elementor-lightbox-title=\"Mi\u0119dzynarodowy Dzie\u0144 J\u0119zyka Ojczystego 2025\" data-e-action-hash=\"#elementor-action%3Aaction%3Dlightbox%26settings%3DeyJpZCI6MzI3MywidXJsIjoiaHR0cHM6XC9cL3Nwb3N0cm93a2kuZ21pbmF3b2h5bi5wbFwvd3AtY29udGVudFwvdXBsb2Fkc1wvMjAyNVwvMDJcL01pZWR6eW5hcm9kb3d5X2R6aWVuX2plenlqYV8yNV8wNS5qcGciLCJzbGlkZXNob3ciOiI2MzcyYzQwIn0%3D\" href='https:\/\/spostrowki.gminawohyn.pl\/wp-content\/uploads\/2025\/02\/Miedzynarodowy_dzien_jezyja_25_05.jpg'><img loading=\"lazy\" decoding=\"async\" width=\"300\" height=\"200\" src=\"https:\/\/spostrowki.gminawohyn.pl\/wp-content\/uploads\/2025\/02\/Miedzynarodowy_dzien_jezyja_25_05-300x200.jpg\" class=\"attachment-medium size-medium\" alt=\"\" aria-describedby=\"gallery-1-3273\" srcset=\"https:\/\/spostrowki.gminawohyn.pl\/wp-content\/uploads\/2025\/02\/Miedzynarodowy_dzien_jezyja_25_05-300x200.jpg 300w, https:\/\/spostrowki.gminawohyn.pl\/wp-content\/uploads\/2025\/02\/Miedzynarodowy_dzien_jezyja_25_05-768x512.jpg 768w, https:\/\/spostrowki.gminawohyn.pl\/wp-content\/uploads\/2025\/02\/Miedzynarodowy_dzien_jezyja_25_05.jpg 800w\" sizes=\"(max-width: 300px) 100vw, 300px\" \/><\/a>\n\t\t\t<\/dt>\n\t\t\t\t<dd class='wp-caption-text gallery-caption' id='gallery-1-3273'>\n\t\t\t\tMi\u0119dzynarodowy Dzie\u0144 J\u0119zyka Ojczystego 2025\n\t\t\t\t<\/dd><\/dl><dl class='gallery-item'>\n\t\t\t<dt class='gallery-icon landscape'>\n\t\t\t\t<a data-elementor-open-lightbox=\"yes\" data-elementor-lightbox-slideshow=\"6372c40\" data-elementor-lightbox-title=\"Mi\u0119dzynarodowy Dzie\u0144 J\u0119zyka Ojczystego 2025\" data-e-action-hash=\"#elementor-action%3Aaction%3Dlightbox%26settings%3DeyJpZCI6MzI3NCwidXJsIjoiaHR0cHM6XC9cL3Nwb3N0cm93a2kuZ21pbmF3b2h5bi5wbFwvd3AtY29udGVudFwvdXBsb2Fkc1wvMjAyNVwvMDJcL01pZWR6eW5hcm9kb3d5X2R6aWVuX2plenlqYV8yNV8wNi5qcGciLCJzbGlkZXNob3ciOiI2MzcyYzQwIn0%3D\" href='https:\/\/spostrowki.gminawohyn.pl\/wp-content\/uploads\/2025\/02\/Miedzynarodowy_dzien_jezyja_25_06.jpg'><img loading=\"lazy\" decoding=\"async\" width=\"300\" height=\"200\" src=\"https:\/\/spostrowki.gminawohyn.pl\/wp-content\/uploads\/2025\/02\/Miedzynarodowy_dzien_jezyja_25_06-300x200.jpg\" class=\"attachment-medium size-medium\" alt=\"\" aria-describedby=\"gallery-1-3274\" srcset=\"https:\/\/spostrowki.gminawohyn.pl\/wp-content\/uploads\/2025\/02\/Miedzynarodowy_dzien_jezyja_25_06-300x200.jpg 300w, https:\/\/spostrowki.gminawohyn.pl\/wp-content\/uploads\/2025\/02\/Miedzynarodowy_dzien_jezyja_25_06-768x512.jpg 768w, https:\/\/spostrowki.gminawohyn.pl\/wp-content\/uploads\/2025\/02\/Miedzynarodowy_dzien_jezyja_25_06.jpg 800w\" sizes=\"(max-width: 300px) 100vw, 300px\" \/><\/a>\n\t\t\t<\/dt>\n\t\t\t\t<dd class='wp-caption-text gallery-caption' id='gallery-1-3274'>\n\t\t\t\tMi\u0119dzynarodowy Dzie\u0144 J\u0119zyka Ojczystego 2025\n\t\t\t\t<\/dd><\/dl><dl class='gallery-item'>\n\t\t\t<dt class='gallery-icon landscape'>\n\t\t\t\t<a data-elementor-open-lightbox=\"yes\" data-elementor-lightbox-slideshow=\"6372c40\" data-elementor-lightbox-title=\"Mi\u0119dzynarodowy Dzie\u0144 J\u0119zyka Ojczystego 2025\" data-e-action-hash=\"#elementor-action%3Aaction%3Dlightbox%26settings%3DeyJpZCI6MzI3NSwidXJsIjoiaHR0cHM6XC9cL3Nwb3N0cm93a2kuZ21pbmF3b2h5bi5wbFwvd3AtY29udGVudFwvdXBsb2Fkc1wvMjAyNVwvMDJcL01pZWR6eW5hcm9kb3d5X2R6aWVuX2plenlqYV8yNV8wNy5qcGciLCJzbGlkZXNob3ciOiI2MzcyYzQwIn0%3D\" href='https:\/\/spostrowki.gminawohyn.pl\/wp-content\/uploads\/2025\/02\/Miedzynarodowy_dzien_jezyja_25_07.jpg'><img loading=\"lazy\" decoding=\"async\" width=\"300\" height=\"200\" src=\"https:\/\/spostrowki.gminawohyn.pl\/wp-content\/uploads\/2025\/02\/Miedzynarodowy_dzien_jezyja_25_07-300x200.jpg\" class=\"attachment-medium size-medium\" alt=\"\" aria-describedby=\"gallery-1-3275\" srcset=\"https:\/\/spostrowki.gminawohyn.pl\/wp-content\/uploads\/2025\/02\/Miedzynarodowy_dzien_jezyja_25_07-300x200.jpg 300w, https:\/\/spostrowki.gminawohyn.pl\/wp-content\/uploads\/2025\/02\/Miedzynarodowy_dzien_jezyja_25_07-768x512.jpg 768w, https:\/\/spostrowki.gminawohyn.pl\/wp-content\/uploads\/2025\/02\/Miedzynarodowy_dzien_jezyja_25_07.jpg 800w\" sizes=\"(max-width: 300px) 100vw, 300px\" \/><\/a>\n\t\t\t<\/dt>\n\t\t\t\t<dd class='wp-caption-text gallery-caption' id='gallery-1-3275'>\n\t\t\t\tMi\u0119dzynarodowy Dzie\u0144 J\u0119zyka Ojczystego 2025\n\t\t\t\t<\/dd><\/dl><dl class='gallery-item'>\n\t\t\t<dt class='gallery-icon landscape'>\n\t\t\t\t<a data-elementor-open-lightbox=\"yes\" data-elementor-lightbox-slideshow=\"6372c40\" data-elementor-lightbox-title=\"Mi\u0119dzynarodowy Dzie\u0144 J\u0119zyka Ojczystego 2025\" data-e-action-hash=\"#elementor-action%3Aaction%3Dlightbox%26settings%3DeyJpZCI6MzI3NiwidXJsIjoiaHR0cHM6XC9cL3Nwb3N0cm93a2kuZ21pbmF3b2h5bi5wbFwvd3AtY29udGVudFwvdXBsb2Fkc1wvMjAyNVwvMDJcL01pZWR6eW5hcm9kb3d5X2R6aWVuX2plenlqYV8yNV8wOC5qcGciLCJzbGlkZXNob3ciOiI2MzcyYzQwIn0%3D\" href='https:\/\/spostrowki.gminawohyn.pl\/wp-content\/uploads\/2025\/02\/Miedzynarodowy_dzien_jezyja_25_08.jpg'><img loading=\"lazy\" decoding=\"async\" width=\"300\" height=\"200\" src=\"https:\/\/spostrowki.gminawohyn.pl\/wp-content\/uploads\/2025\/02\/Miedzynarodowy_dzien_jezyja_25_08-300x200.jpg\" class=\"attachment-medium size-medium\" alt=\"\" aria-describedby=\"gallery-1-3276\" srcset=\"https:\/\/spostrowki.gminawohyn.pl\/wp-content\/uploads\/2025\/02\/Miedzynarodowy_dzien_jezyja_25_08-300x200.jpg 300w, https:\/\/spostrowki.gminawohyn.pl\/wp-content\/uploads\/2025\/02\/Miedzynarodowy_dzien_jezyja_25_08-768x512.jpg 768w, https:\/\/spostrowki.gminawohyn.pl\/wp-content\/uploads\/2025\/02\/Miedzynarodowy_dzien_jezyja_25_08.jpg 800w\" sizes=\"(max-width: 300px) 100vw, 300px\" \/><\/a>\n\t\t\t<\/dt>\n\t\t\t\t<dd class='wp-caption-text gallery-caption' id='gallery-1-3276'>\n\t\t\t\tMi\u0119dzynarodowy Dzie\u0144 J\u0119zyka Ojczystego 2025\n\t\t\t\t<\/dd><\/dl><br style=\"clear: both\" \/><dl class='gallery-item'>\n\t\t\t<dt class='gallery-icon landscape'>\n\t\t\t\t<a data-elementor-open-lightbox=\"yes\" data-elementor-lightbox-slideshow=\"6372c40\" data-elementor-lightbox-title=\"Mi\u0119dzynarodowy Dzie\u0144 J\u0119zyka Ojczystego 2025\" data-e-action-hash=\"#elementor-action%3Aaction%3Dlightbox%26settings%3DeyJpZCI6MzI3NywidXJsIjoiaHR0cHM6XC9cL3Nwb3N0cm93a2kuZ21pbmF3b2h5bi5wbFwvd3AtY29udGVudFwvdXBsb2Fkc1wvMjAyNVwvMDJcL01pZWR6eW5hcm9kb3d5X2R6aWVuX2plenlqYV8yNV8wOS5qcGciLCJzbGlkZXNob3ciOiI2MzcyYzQwIn0%3D\" href='https:\/\/spostrowki.gminawohyn.pl\/wp-content\/uploads\/2025\/02\/Miedzynarodowy_dzien_jezyja_25_09.jpg'><img loading=\"lazy\" decoding=\"async\" width=\"300\" height=\"200\" src=\"https:\/\/spostrowki.gminawohyn.pl\/wp-content\/uploads\/2025\/02\/Miedzynarodowy_dzien_jezyja_25_09-300x200.jpg\" class=\"attachment-medium size-medium\" alt=\"\" aria-describedby=\"gallery-1-3277\" srcset=\"https:\/\/spostrowki.gminawohyn.pl\/wp-content\/uploads\/2025\/02\/Miedzynarodowy_dzien_jezyja_25_09-300x200.jpg 300w, https:\/\/spostrowki.gminawohyn.pl\/wp-content\/uploads\/2025\/02\/Miedzynarodowy_dzien_jezyja_25_09-768x512.jpg 768w, https:\/\/spostrowki.gminawohyn.pl\/wp-content\/uploads\/2025\/02\/Miedzynarodowy_dzien_jezyja_25_09.jpg 800w\" sizes=\"(max-width: 300px) 100vw, 300px\" \/><\/a>\n\t\t\t<\/dt>\n\t\t\t\t<dd class='wp-caption-text gallery-caption' id='gallery-1-3277'>\n\t\t\t\tMi\u0119dzynarodowy Dzie\u0144 J\u0119zyka Ojczystego 2025\n\t\t\t\t<\/dd><\/dl><dl class='gallery-item'>\n\t\t\t<dt class='gallery-icon landscape'>\n\t\t\t\t<a data-elementor-open-lightbox=\"yes\" data-elementor-lightbox-slideshow=\"6372c40\" data-elementor-lightbox-title=\"Mi\u0119dzynarodowy Dzie\u0144 J\u0119zyka Ojczystego 2025\" data-e-action-hash=\"#elementor-action%3Aaction%3Dlightbox%26settings%3DeyJpZCI6MzI3OCwidXJsIjoiaHR0cHM6XC9cL3Nwb3N0cm93a2kuZ21pbmF3b2h5bi5wbFwvd3AtY29udGVudFwvdXBsb2Fkc1wvMjAyNVwvMDJcL01pZWR6eW5hcm9kb3d5X2R6aWVuX2plenlqYV8yNV8xMC5qcGciLCJzbGlkZXNob3ciOiI2MzcyYzQwIn0%3D\" href='https:\/\/spostrowki.gminawohyn.pl\/wp-content\/uploads\/2025\/02\/Miedzynarodowy_dzien_jezyja_25_10.jpg'><img loading=\"lazy\" decoding=\"async\" width=\"300\" height=\"200\" src=\"https:\/\/spostrowki.gminawohyn.pl\/wp-content\/uploads\/2025\/02\/Miedzynarodowy_dzien_jezyja_25_10-300x200.jpg\" class=\"attachment-medium size-medium\" alt=\"\" aria-describedby=\"gallery-1-3278\" srcset=\"https:\/\/spostrowki.gminawohyn.pl\/wp-content\/uploads\/2025\/02\/Miedzynarodowy_dzien_jezyja_25_10-300x200.jpg 300w, https:\/\/spostrowki.gminawohyn.pl\/wp-content\/uploads\/2025\/02\/Miedzynarodowy_dzien_jezyja_25_10-768x512.jpg 768w, https:\/\/spostrowki.gminawohyn.pl\/wp-content\/uploads\/2025\/02\/Miedzynarodowy_dzien_jezyja_25_10.jpg 800w\" sizes=\"(max-width: 300px) 100vw, 300px\" \/><\/a>\n\t\t\t<\/dt>\n\t\t\t\t<dd class='wp-caption-text gallery-caption' id='gallery-1-3278'>\n\t\t\t\tMi\u0119dzynarodowy Dzie\u0144 J\u0119zyka Ojczystego 2025\n\t\t\t\t<\/dd><\/dl><dl class='gallery-item'>\n\t\t\t<dt class='gallery-icon landscape'>\n\t\t\t\t<a data-elementor-open-lightbox=\"yes\" data-elementor-lightbox-slideshow=\"6372c40\" data-elementor-lightbox-title=\"Mi\u0119dzynarodowy Dzie\u0144 J\u0119zyka Ojczystego 2025\" data-e-action-hash=\"#elementor-action%3Aaction%3Dlightbox%26settings%3DeyJpZCI6MzI3OSwidXJsIjoiaHR0cHM6XC9cL3Nwb3N0cm93a2kuZ21pbmF3b2h5bi5wbFwvd3AtY29udGVudFwvdXBsb2Fkc1wvMjAyNVwvMDJcL01pZWR6eW5hcm9kb3d5X2R6aWVuX2plenlqYV8yNV8xMS5qcGciLCJzbGlkZXNob3ciOiI2MzcyYzQwIn0%3D\" href='https:\/\/spostrowki.gminawohyn.pl\/wp-content\/uploads\/2025\/02\/Miedzynarodowy_dzien_jezyja_25_11.jpg'><img loading=\"lazy\" decoding=\"async\" width=\"300\" height=\"200\" src=\"https:\/\/spostrowki.gminawohyn.pl\/wp-content\/uploads\/2025\/02\/Miedzynarodowy_dzien_jezyja_25_11-300x200.jpg\" class=\"attachment-medium size-medium\" alt=\"\" aria-describedby=\"gallery-1-3279\" srcset=\"https:\/\/spostrowki.gminawohyn.pl\/wp-content\/uploads\/2025\/02\/Miedzynarodowy_dzien_jezyja_25_11-300x200.jpg 300w, https:\/\/spostrowki.gminawohyn.pl\/wp-content\/uploads\/2025\/02\/Miedzynarodowy_dzien_jezyja_25_11-768x512.jpg 768w, https:\/\/spostrowki.gminawohyn.pl\/wp-content\/uploads\/2025\/02\/Miedzynarodowy_dzien_jezyja_25_11.jpg 800w\" sizes=\"(max-width: 300px) 100vw, 300px\" \/><\/a>\n\t\t\t<\/dt>\n\t\t\t\t<dd class='wp-caption-text gallery-caption' id='gallery-1-3279'>\n\t\t\t\tMi\u0119dzynarodowy Dzie\u0144 J\u0119zyka Ojczystego 2025\n\t\t\t\t<\/dd><\/dl><dl class='gallery-item'>\n\t\t\t<dt class='gallery-icon landscape'>\n\t\t\t\t<a data-elementor-open-lightbox=\"yes\" data-elementor-lightbox-slideshow=\"6372c40\" data-elementor-lightbox-title=\"Mi\u0119dzynarodowy Dzie\u0144 J\u0119zyka Ojczystego 2025\" data-e-action-hash=\"#elementor-action%3Aaction%3Dlightbox%26settings%3DeyJpZCI6MzI4MCwidXJsIjoiaHR0cHM6XC9cL3Nwb3N0cm93a2kuZ21pbmF3b2h5bi5wbFwvd3AtY29udGVudFwvdXBsb2Fkc1wvMjAyNVwvMDJcL01pZWR6eW5hcm9kb3d5X2R6aWVuX2plenlqYV8yNV8xMi5qcGciLCJzbGlkZXNob3ciOiI2MzcyYzQwIn0%3D\" href='https:\/\/spostrowki.gminawohyn.pl\/wp-content\/uploads\/2025\/02\/Miedzynarodowy_dzien_jezyja_25_12.jpg'><img loading=\"lazy\" decoding=\"async\" width=\"300\" height=\"200\" src=\"https:\/\/spostrowki.gminawohyn.pl\/wp-content\/uploads\/2025\/02\/Miedzynarodowy_dzien_jezyja_25_12-300x200.jpg\" class=\"attachment-medium size-medium\" alt=\"\" aria-describedby=\"gallery-1-3280\" srcset=\"https:\/\/spostrowki.gminawohyn.pl\/wp-content\/uploads\/2025\/02\/Miedzynarodowy_dzien_jezyja_25_12-300x200.jpg 300w, https:\/\/spostrowki.gminawohyn.pl\/wp-content\/uploads\/2025\/02\/Miedzynarodowy_dzien_jezyja_25_12-768x512.jpg 768w, https:\/\/spostrowki.gminawohyn.pl\/wp-content\/uploads\/2025\/02\/Miedzynarodowy_dzien_jezyja_25_12.jpg 800w\" sizes=\"(max-width: 300px) 100vw, 300px\" \/><\/a>\n\t\t\t<\/dt>\n\t\t\t\t<dd class='wp-caption-text gallery-caption' id='gallery-1-3280'>\n\t\t\t\tMi\u0119dzynarodowy Dzie\u0144 J\u0119zyka Ojczystego 2025\n\t\t\t\t<\/dd><\/dl><br style=\"clear: both\" \/><dl class='gallery-item'>\n\t\t\t<dt class='gallery-icon landscape'>\n\t\t\t\t<a data-elementor-open-lightbox=\"yes\" data-elementor-lightbox-slideshow=\"6372c40\" data-elementor-lightbox-title=\"Mi\u0119dzynarodowy Dzie\u0144 J\u0119zyka Ojczystego 2025\" data-e-action-hash=\"#elementor-action%3Aaction%3Dlightbox%26settings%3DeyJpZCI6MzI4MSwidXJsIjoiaHR0cHM6XC9cL3Nwb3N0cm93a2kuZ21pbmF3b2h5bi5wbFwvd3AtY29udGVudFwvdXBsb2Fkc1wvMjAyNVwvMDJcL01pZWR6eW5hcm9kb3d5X2R6aWVuX2plenlqYV8yNV8xMy5qcGciLCJzbGlkZXNob3ciOiI2MzcyYzQwIn0%3D\" href='https:\/\/spostrowki.gminawohyn.pl\/wp-content\/uploads\/2025\/02\/Miedzynarodowy_dzien_jezyja_25_13.jpg'><img loading=\"lazy\" decoding=\"async\" width=\"300\" height=\"200\" src=\"https:\/\/spostrowki.gminawohyn.pl\/wp-content\/uploads\/2025\/02\/Miedzynarodowy_dzien_jezyja_25_13-300x200.jpg\" class=\"attachment-medium size-medium\" alt=\"\" aria-describedby=\"gallery-1-3281\" srcset=\"https:\/\/spostrowki.gminawohyn.pl\/wp-content\/uploads\/2025\/02\/Miedzynarodowy_dzien_jezyja_25_13-300x200.jpg 300w, https:\/\/spostrowki.gminawohyn.pl\/wp-content\/uploads\/2025\/02\/Miedzynarodowy_dzien_jezyja_25_13-768x512.jpg 768w, https:\/\/spostrowki.gminawohyn.pl\/wp-content\/uploads\/2025\/02\/Miedzynarodowy_dzien_jezyja_25_13.jpg 800w\" sizes=\"(max-width: 300px) 100vw, 300px\" \/><\/a>\n\t\t\t<\/dt>\n\t\t\t\t<dd class='wp-caption-text gallery-caption' id='gallery-1-3281'>\n\t\t\t\tMi\u0119dzynarodowy Dzie\u0144 J\u0119zyka Ojczystego 2025\n\t\t\t\t<\/dd><\/dl><dl class='gallery-item'>\n\t\t\t<dt class='gallery-icon landscape'>\n\t\t\t\t<a data-elementor-open-lightbox=\"yes\" data-elementor-lightbox-slideshow=\"6372c40\" data-elementor-lightbox-title=\"Mi\u0119dzynarodowy Dzie\u0144 J\u0119zyka Ojczystego 2025\" data-e-action-hash=\"#elementor-action%3Aaction%3Dlightbox%26settings%3DeyJpZCI6MzI4MiwidXJsIjoiaHR0cHM6XC9cL3Nwb3N0cm93a2kuZ21pbmF3b2h5bi5wbFwvd3AtY29udGVudFwvdXBsb2Fkc1wvMjAyNVwvMDJcL01pZWR6eW5hcm9kb3d5X2R6aWVuX2plenlqYV8yNV8xNC5qcGciLCJzbGlkZXNob3ciOiI2MzcyYzQwIn0%3D\" href='https:\/\/spostrowki.gminawohyn.pl\/wp-content\/uploads\/2025\/02\/Miedzynarodowy_dzien_jezyja_25_14.jpg'><img loading=\"lazy\" decoding=\"async\" width=\"300\" height=\"200\" src=\"https:\/\/spostrowki.gminawohyn.pl\/wp-content\/uploads\/2025\/02\/Miedzynarodowy_dzien_jezyja_25_14-300x200.jpg\" class=\"attachment-medium size-medium\" alt=\"\" aria-describedby=\"gallery-1-3282\" srcset=\"https:\/\/spostrowki.gminawohyn.pl\/wp-content\/uploads\/2025\/02\/Miedzynarodowy_dzien_jezyja_25_14-300x200.jpg 300w, https:\/\/spostrowki.gminawohyn.pl\/wp-content\/uploads\/2025\/02\/Miedzynarodowy_dzien_jezyja_25_14-768x512.jpg 768w, https:\/\/spostrowki.gminawohyn.pl\/wp-content\/uploads\/2025\/02\/Miedzynarodowy_dzien_jezyja_25_14.jpg 800w\" sizes=\"(max-width: 300px) 100vw, 300px\" \/><\/a>\n\t\t\t<\/dt>\n\t\t\t\t<dd class='wp-caption-text gallery-caption' id='gallery-1-3282'>\n\t\t\t\tMi\u0119dzynarodowy Dzie\u0144 J\u0119zyka Ojczystego 2025\n\t\t\t\t<\/dd><\/dl><dl class='gallery-item'>\n\t\t\t<dt class='gallery-icon landscape'>\n\t\t\t\t<a data-elementor-open-lightbox=\"yes\" data-elementor-lightbox-slideshow=\"6372c40\" data-elementor-lightbox-title=\"Mi\u0119dzynarodowy Dzie\u0144 J\u0119zyka Ojczystego 2025\" data-e-action-hash=\"#elementor-action%3Aaction%3Dlightbox%26settings%3DeyJpZCI6MzI4MywidXJsIjoiaHR0cHM6XC9cL3Nwb3N0cm93a2kuZ21pbmF3b2h5bi5wbFwvd3AtY29udGVudFwvdXBsb2Fkc1wvMjAyNVwvMDJcL01pZWR6eW5hcm9kb3d5X2R6aWVuX2plenlqYV8yNV8xNS5qcGciLCJzbGlkZXNob3ciOiI2MzcyYzQwIn0%3D\" href='https:\/\/spostrowki.gminawohyn.pl\/wp-content\/uploads\/2025\/02\/Miedzynarodowy_dzien_jezyja_25_15.jpg'><img loading=\"lazy\" decoding=\"async\" width=\"300\" height=\"200\" src=\"https:\/\/spostrowki.gminawohyn.pl\/wp-content\/uploads\/2025\/02\/Miedzynarodowy_dzien_jezyja_25_15-300x200.jpg\" class=\"attachment-medium size-medium\" alt=\"\" aria-describedby=\"gallery-1-3283\" srcset=\"https:\/\/spostrowki.gminawohyn.pl\/wp-content\/uploads\/2025\/02\/Miedzynarodowy_dzien_jezyja_25_15-300x200.jpg 300w, https:\/\/spostrowki.gminawohyn.pl\/wp-content\/uploads\/2025\/02\/Miedzynarodowy_dzien_jezyja_25_15-768x512.jpg 768w, https:\/\/spostrowki.gminawohyn.pl\/wp-content\/uploads\/2025\/02\/Miedzynarodowy_dzien_jezyja_25_15.jpg 800w\" sizes=\"(max-width: 300px) 100vw, 300px\" \/><\/a>\n\t\t\t<\/dt>\n\t\t\t\t<dd class='wp-caption-text gallery-caption' id='gallery-1-3283'>\n\t\t\t\tMi\u0119dzynarodowy Dzie\u0144 J\u0119zyka Ojczystego 2025\n\t\t\t\t<\/dd><\/dl><dl class='gallery-item'>\n\t\t\t<dt class='gallery-icon landscape'>\n\t\t\t\t<a data-elementor-open-lightbox=\"yes\" data-elementor-lightbox-slideshow=\"6372c40\" data-elementor-lightbox-title=\"Mi\u0119dzynarodowy Dzie\u0144 J\u0119zyka Ojczystego 2025\" data-e-action-hash=\"#elementor-action%3Aaction%3Dlightbox%26settings%3DeyJpZCI6MzI4NCwidXJsIjoiaHR0cHM6XC9cL3Nwb3N0cm93a2kuZ21pbmF3b2h5bi5wbFwvd3AtY29udGVudFwvdXBsb2Fkc1wvMjAyNVwvMDJcL01pZWR6eW5hcm9kb3d5X2R6aWVuX2plenlqYV8yNV8xNi5qcGciLCJzbGlkZXNob3ciOiI2MzcyYzQwIn0%3D\" href='https:\/\/spostrowki.gminawohyn.pl\/wp-content\/uploads\/2025\/02\/Miedzynarodowy_dzien_jezyja_25_16.jpg'><img loading=\"lazy\" decoding=\"async\" width=\"300\" height=\"200\" src=\"https:\/\/spostrowki.gminawohyn.pl\/wp-content\/uploads\/2025\/02\/Miedzynarodowy_dzien_jezyja_25_16-300x200.jpg\" class=\"attachment-medium size-medium\" alt=\"\" aria-describedby=\"gallery-1-3284\" srcset=\"https:\/\/spostrowki.gminawohyn.pl\/wp-content\/uploads\/2025\/02\/Miedzynarodowy_dzien_jezyja_25_16-300x200.jpg 300w, https:\/\/spostrowki.gminawohyn.pl\/wp-content\/uploads\/2025\/02\/Miedzynarodowy_dzien_jezyja_25_16-768x512.jpg 768w, https:\/\/spostrowki.gminawohyn.pl\/wp-content\/uploads\/2025\/02\/Miedzynarodowy_dzien_jezyja_25_16.jpg 800w\" sizes=\"(max-width: 300px) 100vw, 300px\" \/><\/a>\n\t\t\t<\/dt>\n\t\t\t\t<dd class='wp-caption-text gallery-caption' id='gallery-1-3284'>\n\t\t\t\tMi\u0119dzynarodowy Dzie\u0144 J\u0119zyka Ojczystego 2025\n\t\t\t\t<\/dd><\/dl><br style=\"clear: both\" \/><dl class='gallery-item'>\n\t\t\t<dt class='gallery-icon landscape'>\n\t\t\t\t<a data-elementor-open-lightbox=\"yes\" data-elementor-lightbox-slideshow=\"6372c40\" data-elementor-lightbox-title=\"Mi\u0119dzynarodowy Dzie\u0144 J\u0119zyka Ojczystego 2025\" data-e-action-hash=\"#elementor-action%3Aaction%3Dlightbox%26settings%3DeyJpZCI6MzI4NSwidXJsIjoiaHR0cHM6XC9cL3Nwb3N0cm93a2kuZ21pbmF3b2h5bi5wbFwvd3AtY29udGVudFwvdXBsb2Fkc1wvMjAyNVwvMDJcL01pZWR6eW5hcm9kb3d5X2R6aWVuX2plenlqYV8yNV8xNy5qcGciLCJzbGlkZXNob3ciOiI2MzcyYzQwIn0%3D\" href='https:\/\/spostrowki.gminawohyn.pl\/wp-content\/uploads\/2025\/02\/Miedzynarodowy_dzien_jezyja_25_17.jpg'><img loading=\"lazy\" decoding=\"async\" width=\"300\" height=\"200\" src=\"https:\/\/spostrowki.gminawohyn.pl\/wp-content\/uploads\/2025\/02\/Miedzynarodowy_dzien_jezyja_25_17-300x200.jpg\" class=\"attachment-medium size-medium\" alt=\"\" aria-describedby=\"gallery-1-3285\" srcset=\"https:\/\/spostrowki.gminawohyn.pl\/wp-content\/uploads\/2025\/02\/Miedzynarodowy_dzien_jezyja_25_17-300x200.jpg 300w, https:\/\/spostrowki.gminawohyn.pl\/wp-content\/uploads\/2025\/02\/Miedzynarodowy_dzien_jezyja_25_17-768x512.jpg 768w, https:\/\/spostrowki.gminawohyn.pl\/wp-content\/uploads\/2025\/02\/Miedzynarodowy_dzien_jezyja_25_17.jpg 800w\" sizes=\"(max-width: 300px) 100vw, 300px\" \/><\/a>\n\t\t\t<\/dt>\n\t\t\t\t<dd class='wp-caption-text gallery-caption' id='gallery-1-3285'>\n\t\t\t\tMi\u0119dzynarodowy Dzie\u0144 J\u0119zyka Ojczystego 2025\n\t\t\t\t<\/dd><\/dl><dl class='gallery-item'>\n\t\t\t<dt class='gallery-icon landscape'>\n\t\t\t\t<a data-elementor-open-lightbox=\"yes\" data-elementor-lightbox-slideshow=\"6372c40\" data-elementor-lightbox-title=\"Mi\u0119dzynarodowy Dzie\u0144 J\u0119zyka Ojczystego 2025\" data-e-action-hash=\"#elementor-action%3Aaction%3Dlightbox%26settings%3DeyJpZCI6MzI4NiwidXJsIjoiaHR0cHM6XC9cL3Nwb3N0cm93a2kuZ21pbmF3b2h5bi5wbFwvd3AtY29udGVudFwvdXBsb2Fkc1wvMjAyNVwvMDJcL01pZWR6eW5hcm9kb3d5X2R6aWVuX2plenlqYV8yNV8xOC5qcGciLCJzbGlkZXNob3ciOiI2MzcyYzQwIn0%3D\" href='https:\/\/spostrowki.gminawohyn.pl\/wp-content\/uploads\/2025\/02\/Miedzynarodowy_dzien_jezyja_25_18.jpg'><img loading=\"lazy\" decoding=\"async\" width=\"300\" height=\"200\" src=\"https:\/\/spostrowki.gminawohyn.pl\/wp-content\/uploads\/2025\/02\/Miedzynarodowy_dzien_jezyja_25_18-300x200.jpg\" class=\"attachment-medium size-medium\" alt=\"\" aria-describedby=\"gallery-1-3286\" srcset=\"https:\/\/spostrowki.gminawohyn.pl\/wp-content\/uploads\/2025\/02\/Miedzynarodowy_dzien_jezyja_25_18-300x200.jpg 300w, https:\/\/spostrowki.gminawohyn.pl\/wp-content\/uploads\/2025\/02\/Miedzynarodowy_dzien_jezyja_25_18-768x512.jpg 768w, https:\/\/spostrowki.gminawohyn.pl\/wp-content\/uploads\/2025\/02\/Miedzynarodowy_dzien_jezyja_25_18.jpg 800w\" sizes=\"(max-width: 300px) 100vw, 300px\" \/><\/a>\n\t\t\t<\/dt>\n\t\t\t\t<dd class='wp-caption-text gallery-caption' id='gallery-1-3286'>\n\t\t\t\tMi\u0119dzynarodowy Dzie\u0144 J\u0119zyka Ojczystego 2025\n\t\t\t\t<\/dd><\/dl><dl class='gallery-item'>\n\t\t\t<dt class='gallery-icon landscape'>\n\t\t\t\t<a data-elementor-open-lightbox=\"yes\" data-elementor-lightbox-slideshow=\"6372c40\" data-elementor-lightbox-title=\"Mi\u0119dzynarodowy Dzie\u0144 J\u0119zyka Ojczystego 2025\" data-e-action-hash=\"#elementor-action%3Aaction%3Dlightbox%26settings%3DeyJpZCI6MzI4NywidXJsIjoiaHR0cHM6XC9cL3Nwb3N0cm93a2kuZ21pbmF3b2h5bi5wbFwvd3AtY29udGVudFwvdXBsb2Fkc1wvMjAyNVwvMDJcL01pZWR6eW5hcm9kb3d5X2R6aWVuX2plenlqYV8yNV8xOS5qcGciLCJzbGlkZXNob3ciOiI2MzcyYzQwIn0%3D\" href='https:\/\/spostrowki.gminawohyn.pl\/wp-content\/uploads\/2025\/02\/Miedzynarodowy_dzien_jezyja_25_19.jpg'><img loading=\"lazy\" decoding=\"async\" width=\"300\" height=\"200\" src=\"https:\/\/spostrowki.gminawohyn.pl\/wp-content\/uploads\/2025\/02\/Miedzynarodowy_dzien_jezyja_25_19-300x200.jpg\" class=\"attachment-medium size-medium\" alt=\"\" aria-describedby=\"gallery-1-3287\" srcset=\"https:\/\/spostrowki.gminawohyn.pl\/wp-content\/uploads\/2025\/02\/Miedzynarodowy_dzien_jezyja_25_19-300x200.jpg 300w, https:\/\/spostrowki.gminawohyn.pl\/wp-content\/uploads\/2025\/02\/Miedzynarodowy_dzien_jezyja_25_19-768x512.jpg 768w, https:\/\/spostrowki.gminawohyn.pl\/wp-content\/uploads\/2025\/02\/Miedzynarodowy_dzien_jezyja_25_19.jpg 800w\" sizes=\"(max-width: 300px) 100vw, 300px\" \/><\/a>\n\t\t\t<\/dt>\n\t\t\t\t<dd class='wp-caption-text gallery-caption' id='gallery-1-3287'>\n\t\t\t\tMi\u0119dzynarodowy Dzie\u0144 J\u0119zyka Ojczystego 2025\n\t\t\t\t<\/dd><\/dl><dl class='gallery-item'>\n\t\t\t<dt class='gallery-icon landscape'>\n\t\t\t\t<a data-elementor-open-lightbox=\"yes\" data-elementor-lightbox-slideshow=\"6372c40\" data-elementor-lightbox-title=\"Mi\u0119dzynarodowy Dzie\u0144 J\u0119zyka Ojczystego 2025\" data-e-action-hash=\"#elementor-action%3Aaction%3Dlightbox%26settings%3DeyJpZCI6MzI4OCwidXJsIjoiaHR0cHM6XC9cL3Nwb3N0cm93a2kuZ21pbmF3b2h5bi5wbFwvd3AtY29udGVudFwvdXBsb2Fkc1wvMjAyNVwvMDJcL01pZWR6eW5hcm9kb3d5X2R6aWVuX2plenlqYV8yNV8yMC5qcGciLCJzbGlkZXNob3ciOiI2MzcyYzQwIn0%3D\" href='https:\/\/spostrowki.gminawohyn.pl\/wp-content\/uploads\/2025\/02\/Miedzynarodowy_dzien_jezyja_25_20.jpg'><img loading=\"lazy\" decoding=\"async\" width=\"300\" height=\"200\" src=\"https:\/\/spostrowki.gminawohyn.pl\/wp-content\/uploads\/2025\/02\/Miedzynarodowy_dzien_jezyja_25_20-300x200.jpg\" class=\"attachment-medium size-medium\" alt=\"\" aria-describedby=\"gallery-1-3288\" srcset=\"https:\/\/spostrowki.gminawohyn.pl\/wp-content\/uploads\/2025\/02\/Miedzynarodowy_dzien_jezyja_25_20-300x200.jpg 300w, https:\/\/spostrowki.gminawohyn.pl\/wp-content\/uploads\/2025\/02\/Miedzynarodowy_dzien_jezyja_25_20-768x512.jpg 768w, https:\/\/spostrowki.gminawohyn.pl\/wp-content\/uploads\/2025\/02\/Miedzynarodowy_dzien_jezyja_25_20.jpg 800w\" sizes=\"(max-width: 300px) 100vw, 300px\" \/><\/a>\n\t\t\t<\/dt>\n\t\t\t\t<dd class='wp-caption-text gallery-caption' id='gallery-1-3288'>\n\t\t\t\tMi\u0119dzynarodowy Dzie\u0144 J\u0119zyka Ojczystego 2025\n\t\t\t\t<\/dd><\/dl><br style=\"clear: both\" \/><dl class='gallery-item'>\n\t\t\t<dt class='gallery-icon landscape'>\n\t\t\t\t<a data-elementor-open-lightbox=\"yes\" data-elementor-lightbox-slideshow=\"6372c40\" data-elementor-lightbox-title=\"Mi\u0119dzynarodowy Dzie\u0144 J\u0119zyka Ojczystego 2025\" data-e-action-hash=\"#elementor-action%3Aaction%3Dlightbox%26settings%3DeyJpZCI6MzI4OSwidXJsIjoiaHR0cHM6XC9cL3Nwb3N0cm93a2kuZ21pbmF3b2h5bi5wbFwvd3AtY29udGVudFwvdXBsb2Fkc1wvMjAyNVwvMDJcL01pZWR6eW5hcm9kb3d5X2R6aWVuX2plenlqYV8yNV8yMS5qcGciLCJzbGlkZXNob3ciOiI2MzcyYzQwIn0%3D\" href='https:\/\/spostrowki.gminawohyn.pl\/wp-content\/uploads\/2025\/02\/Miedzynarodowy_dzien_jezyja_25_21.jpg'><img loading=\"lazy\" decoding=\"async\" width=\"300\" height=\"200\" src=\"https:\/\/spostrowki.gminawohyn.pl\/wp-content\/uploads\/2025\/02\/Miedzynarodowy_dzien_jezyja_25_21-300x200.jpg\" class=\"attachment-medium size-medium\" alt=\"\" aria-describedby=\"gallery-1-3289\" srcset=\"https:\/\/spostrowki.gminawohyn.pl\/wp-content\/uploads\/2025\/02\/Miedzynarodowy_dzien_jezyja_25_21-300x200.jpg 300w, https:\/\/spostrowki.gminawohyn.pl\/wp-content\/uploads\/2025\/02\/Miedzynarodowy_dzien_jezyja_25_21-768x512.jpg 768w, https:\/\/spostrowki.gminawohyn.pl\/wp-content\/uploads\/2025\/02\/Miedzynarodowy_dzien_jezyja_25_21.jpg 800w\" sizes=\"(max-width: 300px) 100vw, 300px\" \/><\/a>\n\t\t\t<\/dt>\n\t\t\t\t<dd class='wp-caption-text gallery-caption' id='gallery-1-3289'>\n\t\t\t\tMi\u0119dzynarodowy Dzie\u0144 J\u0119zyka Ojczystego 2025\n\t\t\t\t<\/dd><\/dl><dl class='gallery-item'>\n\t\t\t<dt class='gallery-icon landscape'>\n\t\t\t\t<a data-elementor-open-lightbox=\"yes\" data-elementor-lightbox-slideshow=\"6372c40\" data-elementor-lightbox-title=\"Mi\u0119dzynarodowy Dzie\u0144 J\u0119zyka Ojczystego 2025\" data-e-action-hash=\"#elementor-action%3Aaction%3Dlightbox%26settings%3DeyJpZCI6MzI5MCwidXJsIjoiaHR0cHM6XC9cL3Nwb3N0cm93a2kuZ21pbmF3b2h5bi5wbFwvd3AtY29udGVudFwvdXBsb2Fkc1wvMjAyNVwvMDJcL01pZWR6eW5hcm9kb3d5X2R6aWVuX2plenlqYV8yNV8yMi5qcGciLCJzbGlkZXNob3ciOiI2MzcyYzQwIn0%3D\" href='https:\/\/spostrowki.gminawohyn.pl\/wp-content\/uploads\/2025\/02\/Miedzynarodowy_dzien_jezyja_25_22.jpg'><img loading=\"lazy\" decoding=\"async\" width=\"300\" height=\"200\" src=\"https:\/\/spostrowki.gminawohyn.pl\/wp-content\/uploads\/2025\/02\/Miedzynarodowy_dzien_jezyja_25_22-300x200.jpg\" class=\"attachment-medium size-medium\" alt=\"\" aria-describedby=\"gallery-1-3290\" srcset=\"https:\/\/spostrowki.gminawohyn.pl\/wp-content\/uploads\/2025\/02\/Miedzynarodowy_dzien_jezyja_25_22-300x200.jpg 300w, https:\/\/spostrowki.gminawohyn.pl\/wp-content\/uploads\/2025\/02\/Miedzynarodowy_dzien_jezyja_25_22-768x512.jpg 768w, https:\/\/spostrowki.gminawohyn.pl\/wp-content\/uploads\/2025\/02\/Miedzynarodowy_dzien_jezyja_25_22.jpg 800w\" sizes=\"(max-width: 300px) 100vw, 300px\" \/><\/a>\n\t\t\t<\/dt>\n\t\t\t\t<dd class='wp-caption-text gallery-caption' id='gallery-1-3290'>\n\t\t\t\tMi\u0119dzynarodowy Dzie\u0144 J\u0119zyka Ojczystego 2025\n\t\t\t\t<\/dd><\/dl><dl class='gallery-item'>\n\t\t\t<dt class='gallery-icon landscape'>\n\t\t\t\t<a data-elementor-open-lightbox=\"yes\" data-elementor-lightbox-slideshow=\"6372c40\" data-elementor-lightbox-title=\"Mi\u0119dzynarodowy Dzie\u0144 J\u0119zyka Ojczystego 2025\" data-e-action-hash=\"#elementor-action%3Aaction%3Dlightbox%26settings%3DeyJpZCI6MzI5MSwidXJsIjoiaHR0cHM6XC9cL3Nwb3N0cm93a2kuZ21pbmF3b2h5bi5wbFwvd3AtY29udGVudFwvdXBsb2Fkc1wvMjAyNVwvMDJcL01pZWR6eW5hcm9kb3d5X2R6aWVuX2plenlqYV8yNV8yMy5qcGciLCJzbGlkZXNob3ciOiI2MzcyYzQwIn0%3D\" href='https:\/\/spostrowki.gminawohyn.pl\/wp-content\/uploads\/2025\/02\/Miedzynarodowy_dzien_jezyja_25_23.jpg'><img loading=\"lazy\" decoding=\"async\" width=\"300\" height=\"200\" src=\"https:\/\/spostrowki.gminawohyn.pl\/wp-content\/uploads\/2025\/02\/Miedzynarodowy_dzien_jezyja_25_23-300x200.jpg\" class=\"attachment-medium size-medium\" alt=\"\" aria-describedby=\"gallery-1-3291\" srcset=\"https:\/\/spostrowki.gminawohyn.pl\/wp-content\/uploads\/2025\/02\/Miedzynarodowy_dzien_jezyja_25_23-300x200.jpg 300w, https:\/\/spostrowki.gminawohyn.pl\/wp-content\/uploads\/2025\/02\/Miedzynarodowy_dzien_jezyja_25_23-768x512.jpg 768w, https:\/\/spostrowki.gminawohyn.pl\/wp-content\/uploads\/2025\/02\/Miedzynarodowy_dzien_jezyja_25_23.jpg 800w\" sizes=\"(max-width: 300px) 100vw, 300px\" \/><\/a>\n\t\t\t<\/dt>\n\t\t\t\t<dd class='wp-caption-text gallery-caption' id='gallery-1-3291'>\n\t\t\t\tMi\u0119dzynarodowy Dzie\u0144 J\u0119zyka Ojczystego 2025\n\t\t\t\t<\/dd><\/dl><dl class='gallery-item'>\n\t\t\t<dt class='gallery-icon landscape'>\n\t\t\t\t<a data-elementor-open-lightbox=\"yes\" data-elementor-lightbox-slideshow=\"6372c40\" data-elementor-lightbox-title=\"Mi\u0119dzynarodowy Dzie\u0144 J\u0119zyka Ojczystego 2025\" data-e-action-hash=\"#elementor-action%3Aaction%3Dlightbox%26settings%3DeyJpZCI6MzI5MiwidXJsIjoiaHR0cHM6XC9cL3Nwb3N0cm93a2kuZ21pbmF3b2h5bi5wbFwvd3AtY29udGVudFwvdXBsb2Fkc1wvMjAyNVwvMDJcL01pZWR6eW5hcm9kb3d5X2R6aWVuX2plenlqYV8yNV8yNC5qcGciLCJzbGlkZXNob3ciOiI2MzcyYzQwIn0%3D\" href='https:\/\/spostrowki.gminawohyn.pl\/wp-content\/uploads\/2025\/02\/Miedzynarodowy_dzien_jezyja_25_24.jpg'><img loading=\"lazy\" decoding=\"async\" width=\"300\" height=\"200\" src=\"https:\/\/spostrowki.gminawohyn.pl\/wp-content\/uploads\/2025\/02\/Miedzynarodowy_dzien_jezyja_25_24-300x200.jpg\" class=\"attachment-medium size-medium\" alt=\"\" aria-describedby=\"gallery-1-3292\" srcset=\"https:\/\/spostrowki.gminawohyn.pl\/wp-content\/uploads\/2025\/02\/Miedzynarodowy_dzien_jezyja_25_24-300x200.jpg 300w, https:\/\/spostrowki.gminawohyn.pl\/wp-content\/uploads\/2025\/02\/Miedzynarodowy_dzien_jezyja_25_24-768x512.jpg 768w, https:\/\/spostrowki.gminawohyn.pl\/wp-content\/uploads\/2025\/02\/Miedzynarodowy_dzien_jezyja_25_24.jpg 800w\" sizes=\"(max-width: 300px) 100vw, 300px\" \/><\/a>\n\t\t\t<\/dt>\n\t\t\t\t<dd class='wp-caption-text gallery-caption' id='gallery-1-3292'>\n\t\t\t\tMi\u0119dzynarodowy Dzie\u0144 J\u0119zyka Ojczystego 2025\n\t\t\t\t<\/dd><\/dl><br style=\"clear: both\" \/>\n\t\t<\/div>\n\t\t<\/div>\n\t\t\t\t<\/div>\n\t\t\t\t<\/div>\n\t\t\t\t\t<\/div>\n\t\t<\/div>\n\t\t\t\t\t<\/div>\n\t\t<\/section>\n\t\t\t\t<\/div>\n\t\t","protected":false},"excerpt":{"rendered":"<p>W poniedzia\u0142ek 10 lutego obchodzili\u015bmy w naszej szkole Mi\u0119dzynarodowy Dzie\u0144 J\u0119zyka Ojczystego. Na pocz\u0105tku uczniowie obejrzeli prezentacj\u0119 dotycz\u0105c\u0105 historii j\u0119zyka polskiego. Nast\u0119pnie udali si\u0119 w filmow\u0105 podr\u00f3\u017c wraz z detektywem na poszukiwanie znak\u00f3w diakrytycznych. Potem nast\u0105pi\u0142a chwila, w kt\u00f3rej uczniowie starszych klas odpytywali uczni\u00f3w m\u0142odszych. Dalsza cz\u0119\u015b\u0107 spotkania up\u0142yn\u0119\u0142a na rozwi\u0105zywaniu r\u00f3\u017cnorakich zada\u0144 stylistycznych, gramatycznych [&hellip;]<\/p>\n","protected":false},"author":3,"featured_media":3286,"comment_status":"closed","ping_status":"closed","sticky":false,"template":"","format":"standard","meta":{"footnotes":""},"categories":[1],"tags":[],"class_list":["post-3267","post","type-post","status-publish","format-standard","has-post-thumbnail","hentry","category-bez-kategorii"],"yoast_head":"<!-- This site is optimized with the Yoast SEO plugin v22.3 - https:\/\/yoast.com\/wordpress\/plugins\/seo\/ -->\n<title>Mi\u0119dzynarodowy Dzie\u0144 J\u0119zyka Ojczystego - Szko\u0142a Podstawowa w Ostr\u00f3wkach<\/title>\n<meta name=\"robots\" content=\"index, follow, max-snippet:-1, max-image-preview:large, max-video-preview:-1\" \/>\n<link rel=\"canonical\" href=\"https:\/\/spostrowki.gminawohyn.pl\/?p=3267\" \/>\n<meta property=\"og:locale\" content=\"pl_PL\" \/>\n<meta property=\"og:type\" content=\"article\" \/>\n<meta property=\"og:title\" content=\"Mi\u0119dzynarodowy Dzie\u0144 J\u0119zyka Ojczystego - Szko\u0142a Podstawowa w Ostr\u00f3wkach\" \/>\n<meta property=\"og:description\" content=\"W poniedzia\u0142ek 10 lutego obchodzili\u015bmy w naszej szkole Mi\u0119dzynarodowy Dzie\u0144 J\u0119zyka Ojczystego. Na pocz\u0105tku uczniowie obejrzeli prezentacj\u0119 dotycz\u0105c\u0105 historii j\u0119zyka polskiego. Nast\u0119pnie udali si\u0119 w filmow\u0105 podr\u00f3\u017c wraz z detektywem na poszukiwanie znak\u00f3w diakrytycznych. Potem nast\u0105pi\u0142a chwila, w kt\u00f3rej uczniowie starszych klas odpytywali uczni\u00f3w m\u0142odszych. Dalsza cz\u0119\u015b\u0107 spotkania up\u0142yn\u0119\u0142a na rozwi\u0105zywaniu r\u00f3\u017cnorakich zada\u0144 stylistycznych, gramatycznych [&hellip;]\" \/>\n<meta property=\"og:url\" content=\"https:\/\/spostrowki.gminawohyn.pl\/?p=3267\" \/>\n<meta property=\"og:site_name\" content=\"Szko\u0142a Podstawowa w Ostr\u00f3wkach\" \/>\n<meta property=\"article:published_time\" content=\"2025-02-17T18:29:12+00:00\" \/>\n<meta property=\"article:modified_time\" content=\"2025-02-17T18:33:59+00:00\" \/>\n<meta property=\"og:image\" content=\"https:\/\/spostrowki.gminawohyn.pl\/wp-content\/uploads\/2025\/02\/Miedzynarodowy_dzien_jezyja_25_18.jpg\" \/>\n\t<meta property=\"og:image:width\" content=\"800\" \/>\n\t<meta property=\"og:image:height\" content=\"533\" \/>\n\t<meta property=\"og:image:type\" content=\"image\/jpeg\" \/>\n<meta name=\"author\" content=\"Sebastian S\u0142awi\u0144ski\" \/>\n<meta name=\"twitter:card\" content=\"summary_large_image\" \/>\n<meta name=\"twitter:label1\" content=\"Napisane przez\" \/>\n\t<meta name=\"twitter:data1\" content=\"Sebastian S\u0142awi\u0144ski\" \/>\n\t<meta name=\"twitter:label2\" content=\"Szacowany czas czytania\" \/>\n\t<meta name=\"twitter:data2\" content=\"1 minuta\" \/>\n<script type=\"application\/ld+json\" class=\"yoast-schema-graph\">{\"@context\":\"https:\/\/schema.org\",\"@graph\":[{\"@type\":\"WebPage\",\"@id\":\"https:\/\/spostrowki.gminawohyn.pl\/?p=3267\",\"url\":\"https:\/\/spostrowki.gminawohyn.pl\/?p=3267\",\"name\":\"Mi\u0119dzynarodowy Dzie\u0144 J\u0119zyka Ojczystego - Szko\u0142a Podstawowa w Ostr\u00f3wkach\",\"isPartOf\":{\"@id\":\"https:\/\/spostrowki.gminawohyn.pl\/#website\"},\"primaryImageOfPage\":{\"@id\":\"https:\/\/spostrowki.gminawohyn.pl\/?p=3267#primaryimage\"},\"image\":{\"@id\":\"https:\/\/spostrowki.gminawohyn.pl\/?p=3267#primaryimage\"},\"thumbnailUrl\":\"https:\/\/spostrowki.gminawohyn.pl\/wp-content\/uploads\/2025\/02\/Miedzynarodowy_dzien_jezyja_25_18.jpg\",\"datePublished\":\"2025-02-17T18:29:12+00:00\",\"dateModified\":\"2025-02-17T18:33:59+00:00\",\"author\":{\"@id\":\"https:\/\/spostrowki.gminawohyn.pl\/#\/schema\/person\/20b8cfafdd616bdcb4d803af84352cd7\"},\"breadcrumb\":{\"@id\":\"https:\/\/spostrowki.gminawohyn.pl\/?p=3267#breadcrumb\"},\"inLanguage\":\"pl-PL\",\"potentialAction\":[{\"@type\":\"ReadAction\",\"target\":[\"https:\/\/spostrowki.gminawohyn.pl\/?p=3267\"]}]},{\"@type\":\"ImageObject\",\"inLanguage\":\"pl-PL\",\"@id\":\"https:\/\/spostrowki.gminawohyn.pl\/?p=3267#primaryimage\",\"url\":\"https:\/\/spostrowki.gminawohyn.pl\/wp-content\/uploads\/2025\/02\/Miedzynarodowy_dzien_jezyja_25_18.jpg\",\"contentUrl\":\"https:\/\/spostrowki.gminawohyn.pl\/wp-content\/uploads\/2025\/02\/Miedzynarodowy_dzien_jezyja_25_18.jpg\",\"width\":800,\"height\":533,\"caption\":\"Mi\u0119dzynarodowy Dzie\u0144 J\u0119zyka Ojczystego 2025\"},{\"@type\":\"BreadcrumbList\",\"@id\":\"https:\/\/spostrowki.gminawohyn.pl\/?p=3267#breadcrumb\",\"itemListElement\":[{\"@type\":\"ListItem\",\"position\":1,\"name\":\"Home\",\"item\":\"https:\/\/spostrowki.gminawohyn.pl\/\"},{\"@type\":\"ListItem\",\"position\":2,\"name\":\"Mi\u0119dzynarodowy Dzie\u0144 J\u0119zyka Ojczystego\"}]},{\"@type\":\"WebSite\",\"@id\":\"https:\/\/spostrowki.gminawohyn.pl\/#website\",\"url\":\"https:\/\/spostrowki.gminawohyn.pl\/\",\"name\":\"Szko\u0142a Podstawowa w Ostr\u00f3wkach\",\"description\":\"Szko\u0142a Podstawowa w Ostr\u00f3wkach\",\"potentialAction\":[{\"@type\":\"SearchAction\",\"target\":{\"@type\":\"EntryPoint\",\"urlTemplate\":\"https:\/\/spostrowki.gminawohyn.pl\/?s={search_term_string}\"},\"query-input\":\"required name=search_term_string\"}],\"inLanguage\":\"pl-PL\"},{\"@type\":\"Person\",\"@id\":\"https:\/\/spostrowki.gminawohyn.pl\/#\/schema\/person\/20b8cfafdd616bdcb4d803af84352cd7\",\"name\":\"Sebastian S\u0142awi\u0144ski\",\"image\":{\"@type\":\"ImageObject\",\"inLanguage\":\"pl-PL\",\"@id\":\"https:\/\/spostrowki.gminawohyn.pl\/#\/schema\/person\/image\/\",\"url\":\"https:\/\/secure.gravatar.com\/avatar\/7881f3200b17bac83759a2b8174031ae36a067a713c217774de1019c9e1bac66?s=96&d=mm&r=g\",\"contentUrl\":\"https:\/\/secure.gravatar.com\/avatar\/7881f3200b17bac83759a2b8174031ae36a067a713c217774de1019c9e1bac66?s=96&d=mm&r=g\",\"caption\":\"Sebastian S\u0142awi\u0144ski\"},\"sameAs\":[\"http:\/\/SP%20Ostr\u00f3wki\"],\"url\":\"https:\/\/spostrowki.gminawohyn.pl\/?author=3\"}]}<\/script>\n<!-- \/ Yoast SEO plugin. -->","yoast_head_json":{"title":"Mi\u0119dzynarodowy Dzie\u0144 J\u0119zyka Ojczystego - Szko\u0142a Podstawowa w Ostr\u00f3wkach","robots":{"index":"index","follow":"follow","max-snippet":"max-snippet:-1","max-image-preview":"max-image-preview:large","max-video-preview":"max-video-preview:-1"},"canonical":"https:\/\/spostrowki.gminawohyn.pl\/?p=3267","og_locale":"pl_PL","og_type":"article","og_title":"Mi\u0119dzynarodowy Dzie\u0144 J\u0119zyka Ojczystego - Szko\u0142a Podstawowa w Ostr\u00f3wkach","og_description":"W poniedzia\u0142ek 10 lutego obchodzili\u015bmy w naszej szkole Mi\u0119dzynarodowy Dzie\u0144 J\u0119zyka Ojczystego. Na pocz\u0105tku uczniowie obejrzeli prezentacj\u0119 dotycz\u0105c\u0105 historii j\u0119zyka polskiego. Nast\u0119pnie udali si\u0119 w filmow\u0105 podr\u00f3\u017c wraz z detektywem na poszukiwanie znak\u00f3w diakrytycznych. Potem nast\u0105pi\u0142a chwila, w kt\u00f3rej uczniowie starszych klas odpytywali uczni\u00f3w m\u0142odszych. Dalsza cz\u0119\u015b\u0107 spotkania up\u0142yn\u0119\u0142a na rozwi\u0105zywaniu r\u00f3\u017cnorakich zada\u0144 stylistycznych, gramatycznych [&hellip;]","og_url":"https:\/\/spostrowki.gminawohyn.pl\/?p=3267","og_site_name":"Szko\u0142a Podstawowa w Ostr\u00f3wkach","article_published_time":"2025-02-17T18:29:12+00:00","article_modified_time":"2025-02-17T18:33:59+00:00","og_image":[{"width":800,"height":533,"url":"https:\/\/spostrowki.gminawohyn.pl\/wp-content\/uploads\/2025\/02\/Miedzynarodowy_dzien_jezyja_25_18.jpg","type":"image\/jpeg"}],"author":"Sebastian S\u0142awi\u0144ski","twitter_card":"summary_large_image","twitter_misc":{"Napisane przez":"Sebastian S\u0142awi\u0144ski","Szacowany czas czytania":"1 minuta"},"schema":{"@context":"https:\/\/schema.org","@graph":[{"@type":"WebPage","@id":"https:\/\/spostrowki.gminawohyn.pl\/?p=3267","url":"https:\/\/spostrowki.gminawohyn.pl\/?p=3267","name":"Mi\u0119dzynarodowy Dzie\u0144 J\u0119zyka Ojczystego - Szko\u0142a Podstawowa w Ostr\u00f3wkach","isPartOf":{"@id":"https:\/\/spostrowki.gminawohyn.pl\/#website"},"primaryImageOfPage":{"@id":"https:\/\/spostrowki.gminawohyn.pl\/?p=3267#primaryimage"},"image":{"@id":"https:\/\/spostrowki.gminawohyn.pl\/?p=3267#primaryimage"},"thumbnailUrl":"https:\/\/spostrowki.gminawohyn.pl\/wp-content\/uploads\/2025\/02\/Miedzynarodowy_dzien_jezyja_25_18.jpg","datePublished":"2025-02-17T18:29:12+00:00","dateModified":"2025-02-17T18:33:59+00:00","author":{"@id":"https:\/\/spostrowki.gminawohyn.pl\/#\/schema\/person\/20b8cfafdd616bdcb4d803af84352cd7"},"breadcrumb":{"@id":"https:\/\/spostrowki.gminawohyn.pl\/?p=3267#breadcrumb"},"inLanguage":"pl-PL","potentialAction":[{"@type":"ReadAction","target":["https:\/\/spostrowki.gminawohyn.pl\/?p=3267"]}]},{"@type":"ImageObject","inLanguage":"pl-PL","@id":"https:\/\/spostrowki.gminawohyn.pl\/?p=3267#primaryimage","url":"https:\/\/spostrowki.gminawohyn.pl\/wp-content\/uploads\/2025\/02\/Miedzynarodowy_dzien_jezyja_25_18.jpg","contentUrl":"https:\/\/spostrowki.gminawohyn.pl\/wp-content\/uploads\/2025\/02\/Miedzynarodowy_dzien_jezyja_25_18.jpg","width":800,"height":533,"caption":"Mi\u0119dzynarodowy Dzie\u0144 J\u0119zyka Ojczystego 2025"},{"@type":"BreadcrumbList","@id":"https:\/\/spostrowki.gminawohyn.pl\/?p=3267#breadcrumb","itemListElement":[{"@type":"ListItem","position":1,"name":"Home","item":"https:\/\/spostrowki.gminawohyn.pl\/"},{"@type":"ListItem","position":2,"name":"Mi\u0119dzynarodowy Dzie\u0144 J\u0119zyka Ojczystego"}]},{"@type":"WebSite","@id":"https:\/\/spostrowki.gminawohyn.pl\/#website","url":"https:\/\/spostrowki.gminawohyn.pl\/","name":"Szko\u0142a Podstawowa w Ostr\u00f3wkach","description":"Szko\u0142a Podstawowa w Ostr\u00f3wkach","potentialAction":[{"@type":"SearchAction","target":{"@type":"EntryPoint","urlTemplate":"https:\/\/spostrowki.gminawohyn.pl\/?s={search_term_string}"},"query-input":"required name=search_term_string"}],"inLanguage":"pl-PL"},{"@type":"Person","@id":"https:\/\/spostrowki.gminawohyn.pl\/#\/schema\/person\/20b8cfafdd616bdcb4d803af84352cd7","name":"Sebastian S\u0142awi\u0144ski","image":{"@type":"ImageObject","inLanguage":"pl-PL","@id":"https:\/\/spostrowki.gminawohyn.pl\/#\/schema\/person\/image\/","url":"https:\/\/secure.gravatar.com\/avatar\/7881f3200b17bac83759a2b8174031ae36a067a713c217774de1019c9e1bac66?s=96&d=mm&r=g","contentUrl":"https:\/\/secure.gravatar.com\/avatar\/7881f3200b17bac83759a2b8174031ae36a067a713c217774de1019c9e1bac66?s=96&d=mm&r=g","caption":"Sebastian S\u0142awi\u0144ski"},"sameAs":["http:\/\/SP%20Ostr\u00f3wki"],"url":"https:\/\/spostrowki.gminawohyn.pl\/?author=3"}]}},"_links":{"self":[{"href":"https:\/\/spostrowki.gminawohyn.pl\/index.php?rest_route=\/wp\/v2\/posts\/3267","targetHints":{"allow":["GET"]}}],"collection":[{"href":"https:\/\/spostrowki.gminawohyn.pl\/index.php?rest_route=\/wp\/v2\/posts"}],"about":[{"href":"https:\/\/spostrowki.gminawohyn.pl\/index.php?rest_route=\/wp\/v2\/types\/post"}],"author":[{"embeddable":true,"href":"https:\/\/spostrowki.gminawohyn.pl\/index.php?rest_route=\/wp\/v2\/users\/3"}],"replies":[{"embeddable":true,"href":"https:\/\/spostrowki.gminawohyn.pl\/index.php?rest_route=%2Fwp%2Fv2%2Fcomments&post=3267"}],"version-history":[{"count":5,"href":"https:\/\/spostrowki.gminawohyn.pl\/index.php?rest_route=\/wp\/v2\/posts\/3267\/revisions"}],"predecessor-version":[{"id":3296,"href":"https:\/\/spostrowki.gminawohyn.pl\/index.php?rest_route=\/wp\/v2\/posts\/3267\/revisions\/3296"}],"wp:featuredmedia":[{"embeddable":true,"href":"https:\/\/spostrowki.gminawohyn.pl\/index.php?rest_route=\/wp\/v2\/media\/3286"}],"wp:attachment":[{"href":"https:\/\/spostrowki.gminawohyn.pl\/index.php?rest_route=%2Fwp%2Fv2%2Fmedia&parent=3267"}],"wp:term":[{"taxonomy":"category","embeddable":true,"href":"https:\/\/spostrowki.gminawohyn.pl\/index.php?rest_route=%2Fwp%2Fv2%2Fcategories&post=3267"},{"taxonomy":"post_tag","embeddable":true,"href":"https:\/\/spostrowki.gminawohyn.pl\/index.php?rest_route=%2Fwp%2Fv2%2Ftags&post=3267"}],"curies":[{"name":"wp","href":"https:\/\/api.w.org\/{rel}","templated":true}]}}